{"id":116013,"date":"2023-08-04T13:59:59","date_gmt":"2023-08-04T18:59:59","guid":{"rendered":"https:\/\/nvnoticias.mx\/?p=116013"},"modified":"2023-08-04T14:00:01","modified_gmt":"2023-08-04T19:00:01","slug":"nace-bebe-de-carlos-rivera-y-cynthia-rodriguez-asi-lo-anunciaron-en-redes","status":"publish","type":"post","link":"https:\/\/nvnoticias.mx\/index.php\/2023\/08\/04\/nace-bebe-de-carlos-rivera-y-cynthia-rodriguez-asi-lo-anunciaron-en-redes\/","title":{"rendered":"Nace beb\u00e9 de Carlos Rivera y Cynthia Rodr\u00edguez; as\u00ed lo anunciaron en redes"},"content":{"rendered":"\n<p>\u00a1Cynthia Rodr\u00edguez\u00a0y\u00a0Carlos Rivera\u00a0ya son pap\u00e1s! Los famosos cantantes mexicanos han compartido una de las noticias m\u00e1s esperadas por amigos, familiares y sus miles de fans.\u00a0Le\u00f3n\u00a0-nombre que acordaron otorgarle a su beb\u00e9- naci\u00f3 este 03 de agosto presentando excelentes condiciones de salud y trayendo a los papis primerizos alegr\u00eda y felicidad como lo han compartido en sus redes sociales.<\/p>\n\n\n\n<p>El pasado 28 de marzo del 2023, los ex participantes y ganadores de\u00a0<em>La Academia\u00a0<\/em>-reality show de canto de\u00a0<em>TV Azteca<\/em>&#8211; compartieron la noticia, adelantando el nombre de su primog\u00e9nito, sexo y uno de los atuendos con el que ahora lo reciben:\u00a0<\/p>\n\n\n\n<blockquote class=\"wp-block-quote is-layout-flow wp-block-quote-is-layout-flow\"><p>\u201c<em>La Luz de Dios ha tocado nuestra vida\u00a0y en camino nos manda la bendici\u00f3n m\u00e1s grande desde el cielo. Llenos de ilusi\u00f3n y alegr\u00eda estamos en la espera de nuestro amado Le\u00f3n<\/em>\u201d, escribi\u00f3 el famoso matrimonio en conjunto en sus cuentas de Instagram.<\/p><\/blockquote>\n\n\n\n<h4 class=\"wp-block-heading\">As\u00ed dieron la noticia<\/h4>\n\n\n\n<p>Fue Carlos Rivera quien desde sus redes sociales comparti\u00f3 la primera fotograf\u00eda del beb\u00e9 y, con una gran emoci\u00f3n se mostr\u00f3 muy contento del porvenir.<\/p>\n\n\n\n<blockquote class=\"wp-block-quote is-layout-flow wp-block-quote-is-layout-flow\"><p>\u201c<em>Te pedimos con nuestra fuerza al universo\u2026 Y ahora que est\u00e1s aqu\u00ed, vemos el amor convertido en ti\u2026Nuestro amado Le\u00f3n solo esper\u00f3 a pap\u00e1 y decidi\u00f3 nacer la noche de ayer 03\/08\/23. Es un hermoso beb\u00e9, muy sano, muy grande y muy fuerte. Mam\u00e1 est\u00e1 perfecta y hermosa<\/em>\u201d, comenz\u00f3 a escribir.<\/p><\/blockquote>\n\n\n\n<p>De igual manera, el reconocido cantante agradeci\u00f3 por la enorme bendici\u00f3n de su peque\u00f1o y conmovi\u00f3 a todos sus seguidores y amigos.<\/p>\n\n\n\n<div class=\"wp-block-image\"><figure class=\"aligncenter\"><img decoding=\"async\" src=\"https:\/\/www.infobae.com\/new-resizer\/OmsvSK0Oi8QiDTbt1tYyv4y1sCY=\/arc-anglerfish-arc2-prod-infobae\/public\/WRJLBQJVLFAR3F4BBFH43UHDDY.jpg\" alt=\"Carlos Rivera y Cynthia Rodr\u00edguez (Ig carlosrivera)\"\/><\/figure><\/div>\n\n\n\n<blockquote class=\"wp-block-quote is-layout-flow wp-block-quote-is-layout-flow\"><p>\u201c<em>Damos gracias a Dios por bendecirnos y por la salud de los dos. Y gracias a ustedes por todas las muestras de amor.La felicidad hoy tiene un nuevo significado en nuestra vida<\/em>\u201d, a\u00f1adi\u00f3.<\/p><\/blockquote>\n\n\n\n<p>Los mensajes de cari\u00f1o a la pareja no se hicieron esperar: \u201cAy, soy feliz de saber que eres feliz, querido Carlos. Que alegr\u00eda para todos los que te admiramos. Bienvenido, peque\u00f1o Le\u00f3n\u201d. \u201cFelicidades amigo m\u00edo! enhorabuena a los dos\u201d, son algunas de las menciones.<\/p>\n\n\n\n<p>Fuente: <a href=\"https:\/\/www.infobae.com\/mexico\/2023\/08\/04\/carlos-rivera-y-cynthia-rodriguez-ya-son-papas\/\">Infobae<\/a><\/p>\n","protected":false},"excerpt":{"rendered":"<p>\u00a1Cynthia Rodr\u00edguez\u00a0y\u00a0Carlos Rivera\u00a0ya son pap\u00e1s! Los famosos cantantes mexicanos han compartido una de las noticias m\u00e1s esperadas por amigos, familiares y sus miles de fans.\u00a0Le\u00f3n\u00a0-nombre que acordaron otorgarle a su beb\u00e9- naci\u00f3 este 03 de agosto presentando excelentes condiciones de salud y trayendo a los papis primerizos alegr\u00eda y felicidad como lo han compartido en [&hellip;]<\/p>\n","protected":false},"author":8,"featured_media":116014,"comment_status":"open","ping_status":"open","sticky":false,"template":"","format":"standard","meta":{"_monsterinsights_skip_tracking":false,"_monsterinsights_sitenote_active":false,"_monsterinsights_sitenote_note":"","_monsterinsights_sitenote_category":0,"footnotes":""},"categories":[576],"tags":[2340,10097,24201],"class_list":["post-116013","post","type-post","status-publish","format-standard","has-post-thumbnail","hentry","category-ocio","tag-bebe","tag-carlos-rivera","tag-cynthia-rodriguez","wp-image-borders"],"amp_enabled":true,"_links":{"self":[{"href":"https:\/\/nvnoticias.mx\/index.php\/wp-json\/wp\/v2\/posts\/116013","targetHints":{"allow":["GET"]}}],"collection":[{"href":"https:\/\/nvnoticias.mx\/index.php\/wp-json\/wp\/v2\/posts"}],"about":[{"href":"https:\/\/nvnoticias.mx\/index.php\/wp-json\/wp\/v2\/types\/post"}],"author":[{"embeddable":true,"href":"https:\/\/nvnoticias.mx\/index.php\/wp-json\/wp\/v2\/users\/8"}],"replies":[{"embeddable":true,"href":"https:\/\/nvnoticias.mx\/index.php\/wp-json\/wp\/v2\/comments?post=116013"}],"version-history":[{"count":1,"href":"https:\/\/nvnoticias.mx\/index.php\/wp-json\/wp\/v2\/posts\/116013\/revisions"}],"predecessor-version":[{"id":116015,"href":"https:\/\/nvnoticias.mx\/index.php\/wp-json\/wp\/v2\/posts\/116013\/revisions\/116015"}],"wp:featuredmedia":[{"embeddable":true,"href":"https:\/\/nvnoticias.mx\/index.php\/wp-json\/wp\/v2\/media\/116014"}],"wp:attachment":[{"href":"https:\/\/nvnoticias.mx\/index.php\/wp-json\/wp\/v2\/media?parent=116013"}],"wp:term":[{"taxonomy":"category","embeddable":true,"href":"https:\/\/nvnoticias.mx\/index.php\/wp-json\/wp\/v2\/categories?post=116013"},{"taxonomy":"post_tag","embeddable":true,"href":"https:\/\/nvnoticias.mx\/index.php\/wp-json\/wp\/v2\/tags?post=116013"}],"curies":[{"name":"wp","href":"https:\/\/api.w.org\/{rel}","templated":true}]}}