{"id":115994,"date":"2023-08-04T12:14:26","date_gmt":"2023-08-04T17:14:26","guid":{"rendered":"https:\/\/nvnoticias.mx\/?p=115994"},"modified":"2023-08-04T12:14:27","modified_gmt":"2023-08-04T17:14:27","slug":"el-corredor-interoceanico-integrara-a-los-excluidos-de-ayer","status":"publish","type":"post","link":"https:\/\/nvnoticias.mx\/index.php\/2023\/08\/04\/el-corredor-interoceanico-integrara-a-los-excluidos-de-ayer\/","title":{"rendered":"El Corredor Interoce\u00e1nico integrar\u00e1 a los excluidos de ayer"},"content":{"rendered":"\n<p><strong>Jes\u00fas Utrilla \/ NV Noticias<\/strong><\/p>\n\n\n\n<p>El Corredor Interoce\u00e1nico del Istmo de Tehuantepec dar\u00e1 mejor calidad de vida a las comunidades originarias ya que no se trata de beneficiar solo a los empresarios.<\/p>\n\n\n\n<p>Contribuir\u00e1 a saldar una deuda hist\u00f3rica con los m\u00e1s pobres. Por ello se busca promover la posibilidad de que empresarios nacionales participen, se\u00f1al\u00f3 Salom\u00f3n Jara Cruz, gobernador de Oaxaca.<\/p>\n\n\n\n<p>Otorgar\u00e1n est\u00edmulos del cien por ciento en los primeros tres ejercicios fiscales y 50 por ciento en los tres a\u00f1os subsecuentes en: impuestos de desarrollo social; impuesto sobre tenencia y uso de veh\u00edculos, embarcaciones y motocicletas.<\/p>\n\n\n\n<p>Tambi\u00e9n est\u00edmulos del cien por ciento en catastro, protecci\u00f3n civil, impacto de riesgos, ambientales, temas notariales y control vehicular.<\/p>\n\n\n\n<blockquote class=\"wp-block-quote is-layout-flow wp-block-quote-is-layout-flow\"><p>\u201c<em>Que los empresarios tengan todas las facilidades para quienes inviertan en el corredor para poder tener un desarrollo y bienestar para acabar con el rezago de muchos a\u00f1os. Hoy es una realidad<\/em>\u201d.<\/p><\/blockquote>\n\n\n\n<p>Insisti\u00f3 que se debe fortalecer la infraestructura social y la fuerza productiva. Para ello los empresarios tendr\u00e1n todas las facilidades para asentarse en el Corredor Interoce\u00e1nico del Istmo de Tehuantepec, pues, aunque abarca dos estados es un solo proyecto que brindar\u00e1 desarrollo en toda la regi\u00f3n.<\/p>\n\n\n\n<blockquote class=\"wp-block-quote is-layout-flow wp-block-quote-is-layout-flow\"><p>\u201c<em>El sur -sureste fue olvidado por gobiernos neoliberales y ahora el presidente vio al sur- sureste. Nos da mucho gusto haber presentado los incentivos fiscales y coincidimos en que se promueva la posibilidad de que empresarios nacionales participen<\/em>\u201d.<\/p><\/blockquote>\n\n\n\n<p>Insisti\u00f3 en que no se trata de beneficiar a unos cuantos, sino que se integre a los excluidos de ayer.<\/p>\n","protected":false},"excerpt":{"rendered":"<p>Jes\u00fas Utrilla \/ NV Noticias El Corredor Interoce\u00e1nico del Istmo de Tehuantepec dar\u00e1 mejor calidad de vida a las comunidades originarias ya que no se trata de beneficiar solo a los empresarios. Contribuir\u00e1 a saldar una deuda hist\u00f3rica con los m\u00e1s pobres. Por ello se busca promover la posibilidad de que empresarios nacionales participen, se\u00f1al\u00f3 [&hellip;]<\/p>\n","protected":false},"author":8,"featured_media":83301,"comment_status":"open","ping_status":"open","sticky":false,"template":"","format":"standard","meta":{"_monsterinsights_skip_tracking":false,"_monsterinsights_sitenote_active":false,"_monsterinsights_sitenote_note":"","_monsterinsights_sitenote_category":0,"footnotes":""},"categories":[154],"tags":[1595],"class_list":["post-115994","post","type-post","status-publish","format-standard","has-post-thumbnail","hentry","category-veracruz","tag-corredor-interoceanico","wp-image-borders"],"amp_enabled":true,"_links":{"self":[{"href":"https:\/\/nvnoticias.mx\/index.php\/wp-json\/wp\/v2\/posts\/115994","targetHints":{"allow":["GET"]}}],"collection":[{"href":"https:\/\/nvnoticias.mx\/index.php\/wp-json\/wp\/v2\/posts"}],"about":[{"href":"https:\/\/nvnoticias.mx\/index.php\/wp-json\/wp\/v2\/types\/post"}],"author":[{"embeddable":true,"href":"https:\/\/nvnoticias.mx\/index.php\/wp-json\/wp\/v2\/users\/8"}],"replies":[{"embeddable":true,"href":"https:\/\/nvnoticias.mx\/index.php\/wp-json\/wp\/v2\/comments?post=115994"}],"version-history":[{"count":1,"href":"https:\/\/nvnoticias.mx\/index.php\/wp-json\/wp\/v2\/posts\/115994\/revisions"}],"predecessor-version":[{"id":115995,"href":"https:\/\/nvnoticias.mx\/index.php\/wp-json\/wp\/v2\/posts\/115994\/revisions\/115995"}],"wp:featuredmedia":[{"embeddable":true,"href":"https:\/\/nvnoticias.mx\/index.php\/wp-json\/wp\/v2\/media\/83301"}],"wp:attachment":[{"href":"https:\/\/nvnoticias.mx\/index.php\/wp-json\/wp\/v2\/media?parent=115994"}],"wp:term":[{"taxonomy":"category","embeddable":true,"href":"https:\/\/nvnoticias.mx\/index.php\/wp-json\/wp\/v2\/categories?post=115994"},{"taxonomy":"post_tag","embeddable":true,"href":"https:\/\/nvnoticias.mx\/index.php\/wp-json\/wp\/v2\/tags?post=115994"}],"curies":[{"name":"wp","href":"https:\/\/api.w.org\/{rel}","templated":true}]}}