{"id":115988,"date":"2023-08-04T12:01:37","date_gmt":"2023-08-04T17:01:37","guid":{"rendered":"https:\/\/nvnoticias.mx\/?p=115988"},"modified":"2023-08-04T12:01:38","modified_gmt":"2023-08-04T17:01:38","slug":"buscan-desaparecidos-en-villarin","status":"publish","type":"post","link":"https:\/\/nvnoticias.mx\/index.php\/2023\/08\/04\/buscan-desaparecidos-en-villarin\/","title":{"rendered":"Buscan desaparecidos en Villar\u00edn"},"content":{"rendered":"\n<p><strong>Jes\u00fas Utrilla \/ NV Noticias<\/strong><\/p>\n\n\n\n<p>Muchas de las personas que se encuentran en calidad de desaparecidas eran turistas que disfrutaban de las fiestas de Veracruz o de sus playas.<\/p>\n\n\n\n<p>Lidia Lara, representante del Colectivo Justicia y Dignidad Veracruz,&nbsp;&nbsp;se\u00f1al\u00f3 que de cien familia que integran el organismo, el 50 por ciento son de otras partes del pa\u00eds. Se unieron porque sus hijos o familiares visitaron Veracruz y luego desparecieron.<\/p>\n\n\n\n<blockquote class=\"wp-block-quote is-layout-flow wp-block-quote-is-layout-flow\"><p>\u201c<em>En el colectivo tenemos un 50 por ciento de casos for\u00e1neos de chicos desde M\u00e9xico, Puebla, Quer\u00e9taro, que han venido de paseo, trabajo, disfrutar del Carnaval o la Semana Santa y aqu\u00ed desparecen. Es reflexionar de c\u00f3mo hay gente que viene a disfrutar de eventos y no regresan a sus casas<\/em>\u201d.\u00a0<\/p><\/blockquote>\n\n\n\n<p>Actualmente est\u00e1n desapareciendo hombres j\u00f3venes. El colectivo recibe al menos cinco a ocho reportes diarios, de ellos aparecen cerca de tres.<\/p>\n\n\n\n<p>Acus\u00f3 que la autoridad no muestra cifras apegadas a la realidad pues est\u00e1n quedando rebasados por la alta cantidad de desaparecidos.<\/p>\n\n\n\n<blockquote class=\"wp-block-quote is-layout-flow wp-block-quote-is-layout-flow\"><p>\u201c<em>En el estado de Veracruz hay muchos chicos que han desaparecido. Es alarmante, el \u00faltimo caso que tenemos es del muchacho del Tecnol\u00f3gico que despareci\u00f3 sin dejar rastro. Es preocupante y nos preguntamos qu\u00e9 est\u00e1 pasando porque son j\u00f3venes varones que desaparecen, esto est\u00e1 rebasando a las autoridades<\/em>\u201d.\u00a0<\/p><\/blockquote>\n\n\n\n<p>En Medell\u00edn y Villar\u00edn hay brigadas de b\u00fasqueda. Tan solo en este \u00faltimo ya se encontr\u00f3 un punto positivo. Fue un cuerpo dentro de un pozo y se analizan tres m\u00e1s.<\/p>\n","protected":false},"excerpt":{"rendered":"<p>Jes\u00fas Utrilla \/ NV Noticias Muchas de las personas que se encuentran en calidad de desaparecidas eran turistas que disfrutaban de las fiestas de Veracruz o de sus playas. Lidia Lara, representante del Colectivo Justicia y Dignidad Veracruz,&nbsp;&nbsp;se\u00f1al\u00f3 que de cien familia que integran el organismo, el 50 por ciento son de otras partes del [&hellip;]<\/p>\n","protected":false},"author":8,"featured_media":115989,"comment_status":"open","ping_status":"open","sticky":false,"template":"","format":"standard","meta":{"_monsterinsights_skip_tracking":false,"_monsterinsights_sitenote_active":false,"_monsterinsights_sitenote_note":"","_monsterinsights_sitenote_category":0,"footnotes":""},"categories":[154],"tags":[950],"class_list":["post-115988","post","type-post","status-publish","format-standard","has-post-thumbnail","hentry","category-veracruz","tag-desaparecidos","wp-image-borders"],"amp_enabled":true,"_links":{"self":[{"href":"https:\/\/nvnoticias.mx\/index.php\/wp-json\/wp\/v2\/posts\/115988","targetHints":{"allow":["GET"]}}],"collection":[{"href":"https:\/\/nvnoticias.mx\/index.php\/wp-json\/wp\/v2\/posts"}],"about":[{"href":"https:\/\/nvnoticias.mx\/index.php\/wp-json\/wp\/v2\/types\/post"}],"author":[{"embeddable":true,"href":"https:\/\/nvnoticias.mx\/index.php\/wp-json\/wp\/v2\/users\/8"}],"replies":[{"embeddable":true,"href":"https:\/\/nvnoticias.mx\/index.php\/wp-json\/wp\/v2\/comments?post=115988"}],"version-history":[{"count":1,"href":"https:\/\/nvnoticias.mx\/index.php\/wp-json\/wp\/v2\/posts\/115988\/revisions"}],"predecessor-version":[{"id":115990,"href":"https:\/\/nvnoticias.mx\/index.php\/wp-json\/wp\/v2\/posts\/115988\/revisions\/115990"}],"wp:featuredmedia":[{"embeddable":true,"href":"https:\/\/nvnoticias.mx\/index.php\/wp-json\/wp\/v2\/media\/115989"}],"wp:attachment":[{"href":"https:\/\/nvnoticias.mx\/index.php\/wp-json\/wp\/v2\/media?parent=115988"}],"wp:term":[{"taxonomy":"category","embeddable":true,"href":"https:\/\/nvnoticias.mx\/index.php\/wp-json\/wp\/v2\/categories?post=115988"},{"taxonomy":"post_tag","embeddable":true,"href":"https:\/\/nvnoticias.mx\/index.php\/wp-json\/wp\/v2\/tags?post=115988"}],"curies":[{"name":"wp","href":"https:\/\/api.w.org\/{rel}","templated":true}]}}