{"id":115983,"date":"2023-08-04T11:49:22","date_gmt":"2023-08-04T16:49:22","guid":{"rendered":"https:\/\/nvnoticias.mx\/?p=115983"},"modified":"2023-08-04T11:49:22","modified_gmt":"2023-08-04T16:49:22","slug":"marchan-por-javier-y-daniel-quienes-fueron-secuestrados-en-veracruz-en-2020","status":"publish","type":"post","link":"https:\/\/nvnoticias.mx\/index.php\/2023\/08\/04\/marchan-por-javier-y-daniel-quienes-fueron-secuestrados-en-veracruz-en-2020\/","title":{"rendered":"Marchan por Javier y Daniel, quienes fueron secuestrados en Veracruz en 2020"},"content":{"rendered":"\n<p><strong>Jes\u00fas Utrilla \/ NV Noticias<\/strong><\/p>\n\n\n\n<p>Integrantes del Colectivo Justicia y Dignidad Veracruz marcharon por calles de Veracruz para pedir justicia por Javier, Daniel y Orlando, quienes desaparecieron el 28 de julio de 2020.<\/p>\n\n\n\n<p>Las mam\u00e1s de Javier y Daniel viven en la Ciudad de M\u00e9xico, pero sus hijos desaparecieron en Veracruz. Daniel ten\u00eda 28 a\u00f1os al momento de la desaparici\u00f3n y Javier 35 a\u00f1os.<\/p>\n\n\n\n<blockquote class=\"wp-block-quote is-layout-flow wp-block-quote-is-layout-flow\"><p>\u201c<em>Estamos buscando a Javier y a Daniel. Ellos vinieron de la Ciudad de M\u00e9xico a vender un auto y era cumplea\u00f1os de Javier. El 31 de julio fue el cumplea\u00f1os de mi hijo, pero desaparecieron el 28 de julio de 2020. No ha habido avances, estamos tratando de darle visibilida<\/em>d\u201d.<\/p><\/blockquote>\n\n\n\n<p>Una de las mam\u00e1s cont\u00f3 que a sus hijos los secuestraron, les pidieron cierta cantidad de dinero, pero solo se comunicaron una vez.<\/p>\n\n\n\n<p>Con los j\u00f3venes viajaba la esposa de Daniel. A ella la liberaron porque la familia en seguida viaj\u00f3 a Veracruz, pag\u00f3 y la liberaron.<\/p>\n\n\n\n<blockquote class=\"wp-block-quote is-layout-flow wp-block-quote-is-layout-flow\"><p>\u201c<em>Daniel me llam\u00f3 ese d\u00eda para decirme que estaba llegando al Puerto de Veracruz y horas m\u00e1s tarde me dijo que lo ten\u00edan, que necesitaba dinero para que los liberaran a \u00e9l y a su jefe. Yo no sab\u00eda que ven\u00eda en compa\u00f1\u00eda de Javier. De ah\u00ed fue la \u00faltima llamada que recib\u00ed de mi hijo. Ven\u00eda tambi\u00e9n su mujer, ella s\u00ed fue liberada o apareci\u00f3 dos d\u00edas despu\u00e9s. Su familia pag\u00f3 y la llevaron de regreso<\/em>\u201d.<\/p><\/blockquote>\n\n\n\n<p>Los familiares acusaron que no hay avances en las carpetas de investigaci\u00f3n. Aunque pagaron no volvieron a saber de sus hijos.\u00a0<\/p>\n","protected":false},"excerpt":{"rendered":"<p>Jes\u00fas Utrilla \/ NV Noticias Integrantes del Colectivo Justicia y Dignidad Veracruz marcharon por calles de Veracruz para pedir justicia por Javier, Daniel y Orlando, quienes desaparecieron el 28 de julio de 2020. Las mam\u00e1s de Javier y Daniel viven en la Ciudad de M\u00e9xico, pero sus hijos desaparecieron en Veracruz. Daniel ten\u00eda 28 a\u00f1os [&hellip;]<\/p>\n","protected":false},"author":8,"featured_media":115984,"comment_status":"open","ping_status":"open","sticky":false,"template":"","format":"standard","meta":{"_monsterinsights_skip_tracking":false,"_monsterinsights_sitenote_active":false,"_monsterinsights_sitenote_note":"","_monsterinsights_sitenote_category":0,"footnotes":""},"categories":[154],"tags":[950,1507],"class_list":["post-115983","post","type-post","status-publish","format-standard","has-post-thumbnail","hentry","category-veracruz","tag-desaparecidos","tag-marcha","wp-image-borders"],"amp_enabled":true,"_links":{"self":[{"href":"https:\/\/nvnoticias.mx\/index.php\/wp-json\/wp\/v2\/posts\/115983","targetHints":{"allow":["GET"]}}],"collection":[{"href":"https:\/\/nvnoticias.mx\/index.php\/wp-json\/wp\/v2\/posts"}],"about":[{"href":"https:\/\/nvnoticias.mx\/index.php\/wp-json\/wp\/v2\/types\/post"}],"author":[{"embeddable":true,"href":"https:\/\/nvnoticias.mx\/index.php\/wp-json\/wp\/v2\/users\/8"}],"replies":[{"embeddable":true,"href":"https:\/\/nvnoticias.mx\/index.php\/wp-json\/wp\/v2\/comments?post=115983"}],"version-history":[{"count":1,"href":"https:\/\/nvnoticias.mx\/index.php\/wp-json\/wp\/v2\/posts\/115983\/revisions"}],"predecessor-version":[{"id":115985,"href":"https:\/\/nvnoticias.mx\/index.php\/wp-json\/wp\/v2\/posts\/115983\/revisions\/115985"}],"wp:featuredmedia":[{"embeddable":true,"href":"https:\/\/nvnoticias.mx\/index.php\/wp-json\/wp\/v2\/media\/115984"}],"wp:attachment":[{"href":"https:\/\/nvnoticias.mx\/index.php\/wp-json\/wp\/v2\/media?parent=115983"}],"wp:term":[{"taxonomy":"category","embeddable":true,"href":"https:\/\/nvnoticias.mx\/index.php\/wp-json\/wp\/v2\/categories?post=115983"},{"taxonomy":"post_tag","embeddable":true,"href":"https:\/\/nvnoticias.mx\/index.php\/wp-json\/wp\/v2\/tags?post=115983"}],"curies":[{"name":"wp","href":"https:\/\/api.w.org\/{rel}","templated":true}]}}