{"id":115899,"date":"2023-08-03T13:31:49","date_gmt":"2023-08-03T18:31:49","guid":{"rendered":"https:\/\/nvnoticias.mx\/?p=115899"},"modified":"2023-08-03T13:31:49","modified_gmt":"2023-08-03T18:31:49","slug":"santiago-gimenez-renueva-contrato-con-feyenoord-hasta-el-2027","status":"publish","type":"post","link":"https:\/\/nvnoticias.mx\/index.php\/2023\/08\/03\/santiago-gimenez-renueva-contrato-con-feyenoord-hasta-el-2027\/","title":{"rendered":"Santiago Gim\u00e9nez renueva contrato con Feyenoord hasta el 2027"},"content":{"rendered":"\n<p>Santiago Gim\u00e9nez\u00a0se quedar\u00e1 por m\u00e1s tiempo en el\u00a0Feyenoord\u00a0luego de extender su contrato por un a\u00f1o m\u00e1s y con ello afianzar su compromiso con el equipo hasta 2027; es decir, un a\u00f1o despu\u00e9s del\u00a0Mundial 2026 que se llevar\u00e1 a cabo en M\u00e9xico, Estados Unidos y Canad\u00e1.<\/p>\n\n\n\n<blockquote class=\"wp-block-quote is-layout-flow wp-block-quote-is-layout-flow\"><p><em>&#8220;Estoy agradecido con el Feyenoord por la confianza que representa esta extensi\u00f3n de contrato. El club me ayud\u00f3 de todas las formas posibles para asegurarse de que mi adaptaci\u00f3n fuera bien cuando vine a Rotterdam. Gracias a la ayuda de los entrenadores y de mis compa\u00f1eros,\u00a0tuve una gran primera temporada<\/em>.<\/p><\/blockquote>\n\n\n\n<blockquote class=\"wp-block-quote is-layout-flow wp-block-quote-is-layout-flow\"><p>\u201c<em>Con seguidores que siempre me dan una cantidad incre\u00edble de energ\u00eda, por ello estoy realmente viviendo mi sue\u00f1o en este momento y estoy m\u00e1s que ansioso por la pr\u00f3xima temporada y nuestros nuevos desaf\u00edos<\/em>\u201d, fueron las palabras del delantero mexicano de 22 a\u00f1os de edad para el sitio oficial del Feyenoord tras el anuncio de su renovaci\u00f3n.<\/p><\/blockquote>\n\n\n\n<p>Santiago Gim\u00e9nez\u00a0lleg\u00f3 al Feyenoord procedente del Cruz Azul el verano pasado. En el transcurso de la temporada, el atacante zurdo result\u00f3 ser un verdadero goleador y fue responsable de varios goles importantes para el cuadro de Rotterdam.<\/p>\n\n\n\n<p>Tuvo una\u00a0participaci\u00f3n fundamental en la conquista de la Eredivisie. En total, Santi estuvo a la altura con 23 goles y tres asistencias en todas las competiciones oficiales, lo que le convirti\u00f3 en el m\u00e1ximo goleador del club la temporada pasada.<\/p>\n\n\n\n<p>Santiago Gim\u00e9nez continuar\u00e1 en el\u00a0Feyenoord\u00a0la pr\u00f3xima temporada con la camiseta n\u00famero 29, que es especial para \u00e9l, inform\u00f3 el conjunto neerland\u00e9s este jueves en el anuncio de la renovaci\u00f3n de contrato del delantero mexicano.<\/p>\n\n\n\n<p>Fuente: <a href=\"https:\/\/www.tudn.com\/futbol\/dutch-eredivisie\/santiago-gimenez-renueva-contrato-feyenoord-hasta-2027\">TUDN<\/a><\/p>\n","protected":false},"excerpt":{"rendered":"<p>Santiago Gim\u00e9nez\u00a0se quedar\u00e1 por m\u00e1s tiempo en el\u00a0Feyenoord\u00a0luego de extender su contrato por un a\u00f1o m\u00e1s y con ello afianzar su compromiso con el equipo hasta 2027; es decir, un a\u00f1o despu\u00e9s del\u00a0Mundial 2026 que se llevar\u00e1 a cabo en M\u00e9xico, Estados Unidos y Canad\u00e1. &#8220;Estoy agradecido con el Feyenoord por la confianza que representa [&hellip;]<\/p>\n","protected":false},"author":8,"featured_media":115900,"comment_status":"open","ping_status":"open","sticky":false,"template":"","format":"standard","meta":{"_monsterinsights_skip_tracking":false,"_monsterinsights_sitenote_active":false,"_monsterinsights_sitenote_note":"","_monsterinsights_sitenote_category":0,"footnotes":""},"categories":[159],"tags":[17732,17699],"class_list":["post-115899","post","type-post","status-publish","format-standard","has-post-thumbnail","hentry","category-deportes","tag-feyenoord","tag-santiago-gimenez","wp-image-borders"],"amp_enabled":true,"_links":{"self":[{"href":"https:\/\/nvnoticias.mx\/index.php\/wp-json\/wp\/v2\/posts\/115899","targetHints":{"allow":["GET"]}}],"collection":[{"href":"https:\/\/nvnoticias.mx\/index.php\/wp-json\/wp\/v2\/posts"}],"about":[{"href":"https:\/\/nvnoticias.mx\/index.php\/wp-json\/wp\/v2\/types\/post"}],"author":[{"embeddable":true,"href":"https:\/\/nvnoticias.mx\/index.php\/wp-json\/wp\/v2\/users\/8"}],"replies":[{"embeddable":true,"href":"https:\/\/nvnoticias.mx\/index.php\/wp-json\/wp\/v2\/comments?post=115899"}],"version-history":[{"count":1,"href":"https:\/\/nvnoticias.mx\/index.php\/wp-json\/wp\/v2\/posts\/115899\/revisions"}],"predecessor-version":[{"id":115901,"href":"https:\/\/nvnoticias.mx\/index.php\/wp-json\/wp\/v2\/posts\/115899\/revisions\/115901"}],"wp:featuredmedia":[{"embeddable":true,"href":"https:\/\/nvnoticias.mx\/index.php\/wp-json\/wp\/v2\/media\/115900"}],"wp:attachment":[{"href":"https:\/\/nvnoticias.mx\/index.php\/wp-json\/wp\/v2\/media?parent=115899"}],"wp:term":[{"taxonomy":"category","embeddable":true,"href":"https:\/\/nvnoticias.mx\/index.php\/wp-json\/wp\/v2\/categories?post=115899"},{"taxonomy":"post_tag","embeddable":true,"href":"https:\/\/nvnoticias.mx\/index.php\/wp-json\/wp\/v2\/tags?post=115899"}],"curies":[{"name":"wp","href":"https:\/\/api.w.org\/{rel}","templated":true}]}}