{"id":11582,"date":"2021-04-22T11:55:06","date_gmt":"2021-04-22T16:55:06","guid":{"rendered":"https:\/\/nvnoticias.mx\/?p=11582"},"modified":"2021-04-22T11:55:09","modified_gmt":"2021-04-22T16:55:09","slug":"comision-de-periodistas-ubica-tres-zonas-calientes-para-ejercer-la-profesion-en-veracruz","status":"publish","type":"post","link":"https:\/\/nvnoticias.mx\/index.php\/2021\/04\/22\/comision-de-periodistas-ubica-tres-zonas-calientes-para-ejercer-la-profesion-en-veracruz\/","title":{"rendered":"Comisi\u00f3n de Periodistas ubica tres &#8220;zonas calientes&#8221; para ejercer la profesi\u00f3n en Veracruz"},"content":{"rendered":"\n<p><strong>Sam Ojeda \/ NV Noticias <\/strong><\/p>\n\n\n\n<p>Xalapa.-\u00a0El presidente de la Comisi\u00f3n Estatal de Atenci\u00f3n y Protecci\u00f3n a Periodistas (CEAPP), Silverio Quevedo Elox, reconoci\u00f3 que en Veracruz hay \u201cfocos rojos\u201d para el ejercicio de la labor de los periodistas, especialmente por la presencia de grupos de la delincuencia, intereses de caciques, entre otros.<\/p>\n\n\n\n<p>Indic\u00f3 que en el sur se trata de municipios como Minatitl\u00e1n, Las Choapas, Coatzacoalcos, Uxpanapa y Playa Vicente; en el norte es la zona de Poza Rica y Papantla y en la zona centro.\u00a0<\/p>\n\n\n\n<blockquote class=\"wp-block-quote is-layout-flow wp-block-quote-is-layout-flow\"><p><em>\u201cEs una zona caliente, en donde los periodistas est\u00e1n haciendo coberturas en donde han aparecido autodefensas, por otro lado la violencia cotidiana, grupos delincuenciales; no lo decimos nosotros sino las autoridades de Seguridad P\u00fablica\u201d.<\/em><\/p><\/blockquote>\n\n\n\n<p>Dijo que en estos sitios existe una confrontaci\u00f3n de grupos y esto provoca que los compa\u00f1eros en su cobertura queden en medio y en riesgo permanente.<\/p>\n\n\n\n<blockquote class=\"wp-block-quote is-layout-flow wp-block-quote-is-layout-flow\"><p><em>\u201cLos agravios son casos de intimidaci\u00f3n, amenazas. Afortunadamente no tenemos casos de denuncias por ultrajes a la autoridad pero estamos muy atentos a lo que suceda con esta ley porque ha despertado muchas inquietudes\u201d.\u00a0<\/em><\/p><\/blockquote>\n\n\n\n<p>Agreg\u00f3 que tienen registrados 22 casos de agravios contra periodistas, que van desde intimidaciones a amenazas y que de ellos 12 corresponden a seguimiento de a\u00f1os anteriores.\u00a0<\/p>\n\n\n\n<blockquote class=\"wp-block-quote is-layout-flow wp-block-quote-is-layout-flow\"><p><em>\u201cLa CEAPP va a velar por sus derechos y en caso de que se presente una situaci\u00f3n de este tipo estaremos atentos, el \u00e1rea jur\u00eddica est\u00e1 estudiando y prepar\u00e1ndose para que si se presenta u caso podamos intervenir\u201d.<\/em><\/p><\/blockquote>\n\n\n\n<p>\u00a0<\/p>\n","protected":false},"excerpt":{"rendered":"<p>Sam Ojeda \/ NV Noticias Xalapa.-\u00a0El presidente de la Comisi\u00f3n Estatal de Atenci\u00f3n y Protecci\u00f3n a Periodistas (CEAPP), Silverio Quevedo Elox, reconoci\u00f3 que en Veracruz hay \u201cfocos rojos\u201d para el ejercicio de la labor de los periodistas, especialmente por la presencia de grupos de la delincuencia, intereses de caciques, entre otros. Indic\u00f3 que en el [&hellip;]<\/p>\n","protected":false},"author":6,"featured_media":1341,"comment_status":"open","ping_status":"open","sticky":false,"template":"","format":"standard","meta":{"_monsterinsights_skip_tracking":false,"_monsterinsights_sitenote_active":false,"_monsterinsights_sitenote_note":"","_monsterinsights_sitenote_category":0,"footnotes":""},"categories":[156],"tags":[457,180],"class_list":["post-11582","post","type-post","status-publish","format-standard","has-post-thumbnail","hentry","category-estado","tag-periodistas","tag-veracruz","wp-image-borders"],"amp_enabled":true,"_links":{"self":[{"href":"https:\/\/nvnoticias.mx\/index.php\/wp-json\/wp\/v2\/posts\/11582","targetHints":{"allow":["GET"]}}],"collection":[{"href":"https:\/\/nvnoticias.mx\/index.php\/wp-json\/wp\/v2\/posts"}],"about":[{"href":"https:\/\/nvnoticias.mx\/index.php\/wp-json\/wp\/v2\/types\/post"}],"author":[{"embeddable":true,"href":"https:\/\/nvnoticias.mx\/index.php\/wp-json\/wp\/v2\/users\/6"}],"replies":[{"embeddable":true,"href":"https:\/\/nvnoticias.mx\/index.php\/wp-json\/wp\/v2\/comments?post=11582"}],"version-history":[{"count":1,"href":"https:\/\/nvnoticias.mx\/index.php\/wp-json\/wp\/v2\/posts\/11582\/revisions"}],"predecessor-version":[{"id":11585,"href":"https:\/\/nvnoticias.mx\/index.php\/wp-json\/wp\/v2\/posts\/11582\/revisions\/11585"}],"wp:featuredmedia":[{"embeddable":true,"href":"https:\/\/nvnoticias.mx\/index.php\/wp-json\/wp\/v2\/media\/1341"}],"wp:attachment":[{"href":"https:\/\/nvnoticias.mx\/index.php\/wp-json\/wp\/v2\/media?parent=11582"}],"wp:term":[{"taxonomy":"category","embeddable":true,"href":"https:\/\/nvnoticias.mx\/index.php\/wp-json\/wp\/v2\/categories?post=11582"},{"taxonomy":"post_tag","embeddable":true,"href":"https:\/\/nvnoticias.mx\/index.php\/wp-json\/wp\/v2\/tags?post=11582"}],"curies":[{"name":"wp","href":"https:\/\/api.w.org\/{rel}","templated":true}]}}