{"id":115811,"date":"2023-08-02T19:09:14","date_gmt":"2023-08-03T00:09:14","guid":{"rendered":"https:\/\/nvnoticias.mx\/?p=115811"},"modified":"2023-08-02T19:09:15","modified_gmt":"2023-08-03T00:09:15","slug":"hasta-8-meses-fuera-el-jugador-que-lesiono-marcelo-en-copa-libertadores","status":"publish","type":"post","link":"https:\/\/nvnoticias.mx\/index.php\/2023\/08\/02\/hasta-8-meses-fuera-el-jugador-que-lesiono-marcelo-en-copa-libertadores\/","title":{"rendered":"Hasta 8 meses fuera el jugador que lesion\u00f3 Marcelo en Copa Libertadores"},"content":{"rendered":"\n<p>El lateral del Argentinos Juniors Luciano S\u00e1nchez sufre una luxaci\u00f3n de rodilla izquierda, seg\u00fan el parte m\u00e9dico del club emitido despu\u00e9s de la lesi\u00f3n que sufri\u00f3 cuando el defensa del Fluminense Marcelo Vieira le pis\u00f3 y su pierna se dobl\u00f3 en una dram\u00e1tica escena vivida anoche en la Copa Libertadores.<\/p>\n\n\n\n<p>Aunque el jugador a\u00fan debe pasar por el quir\u00f3fano para concretar m\u00e1s detalles sobre su recuperaci\u00f3n, se estima que podr\u00eda estar entre ocho meses y un a\u00f1o fuera de los terrenos de juego.<\/p>\n\n\n\n<p>En el segundo tiempo (m.58) del encuentro de ida de octavos de final de la Libertadores, que enfrentaba al equipo argentino con el brasile\u00f1o en el Estadio Diego Armando Maradona, de Buenos Aires, Marcelo avanzaba con el bal\u00f3n cuando S\u00e1nchez sali\u00f3 a su encuentro y el exlateral del Real Madrid protagoniz\u00f3 una desafortunada falta, en la que pisa la pierna de su rival a la altura de la rodilla.<\/p>\n\n\n\n<p>Si bien el VAR ratific\u00f3 que no hubo intencionalidad en su entrada, el jugador brasile\u00f1o fue expulsado despu\u00e9s de una jugada cuya visi\u00f3n es muy dura, ya que la pierna del argentino se dobla por completo por la articulaci\u00f3n como si fuera de goma.<\/p>\n\n\n\n<p>El propio Marcelo, consciente de la gravedad del hecho, rompi\u00f3 a llorar sobre el c\u00e9sped y, despu\u00e9s del encuentro, acudi\u00f3 al vestuario local para interesarse por el estado de su rival.<\/p>\n\n\n\n<p>&#8220;Hoy me ha tocado vivir un momento muy dif\u00edcil dentro del campo. Sin querer he lesionado a un compa\u00f1ero de profesi\u00f3n. Quiero desearte la mejor recuperaci\u00f3n posible, Luciano S\u00e1nchez. Toda la fuerza del mundo!&#8221;, public\u00f3 posteriormente en su cuenta de Twitter el pentacampe\u00f3n de la Liga de Campeones con el club espa\u00f1ol.<\/p>\n\n\n\n<p>El partido concluy\u00f3 con empate 1-1, por lo que el duelo del martes 8, que se jugar\u00e1 en el Estadio de Maracan\u00e1, en R\u00edo de Janeiro, promete ser muy disputado, considerando la cantidad de rispideces con las que avanz\u00f3 el segundo tiempo del encuentro de anoche, en el que tambi\u00e9n fue expulsado (m.75) el portero local, Alexis Mart\u00edn Arias, por infracci\u00f3n al borde del \u00e1rea.<\/p>\n","protected":false},"excerpt":{"rendered":"<p>El lateral del Argentinos Juniors Luciano S\u00e1nchez sufre una luxaci\u00f3n de rodilla izquierda, seg\u00fan el parte m\u00e9dico del club emitido despu\u00e9s de la lesi\u00f3n que sufri\u00f3 cuando el defensa del Fluminense Marcelo Vieira le pis\u00f3 y su pierna se dobl\u00f3 en una dram\u00e1tica escena vivida anoche en la Copa Libertadores. Aunque el jugador a\u00fan debe [&hellip;]<\/p>\n","protected":false},"author":8,"featured_media":115812,"comment_status":"open","ping_status":"open","sticky":false,"template":"","format":"standard","meta":{"_monsterinsights_skip_tracking":false,"_monsterinsights_sitenote_active":false,"_monsterinsights_sitenote_note":"","_monsterinsights_sitenote_category":0,"footnotes":""},"categories":[159],"tags":[20608,3834,26626,9513,7485],"class_list":["post-115811","post","type-post","status-publish","format-standard","has-post-thumbnail","hentry","category-deportes","tag-argentinos-juniors","tag-copa-libertadores","tag-fluminense","tag-jugador","tag-lesion","wp-image-borders"],"amp_enabled":true,"_links":{"self":[{"href":"https:\/\/nvnoticias.mx\/index.php\/wp-json\/wp\/v2\/posts\/115811","targetHints":{"allow":["GET"]}}],"collection":[{"href":"https:\/\/nvnoticias.mx\/index.php\/wp-json\/wp\/v2\/posts"}],"about":[{"href":"https:\/\/nvnoticias.mx\/index.php\/wp-json\/wp\/v2\/types\/post"}],"author":[{"embeddable":true,"href":"https:\/\/nvnoticias.mx\/index.php\/wp-json\/wp\/v2\/users\/8"}],"replies":[{"embeddable":true,"href":"https:\/\/nvnoticias.mx\/index.php\/wp-json\/wp\/v2\/comments?post=115811"}],"version-history":[{"count":1,"href":"https:\/\/nvnoticias.mx\/index.php\/wp-json\/wp\/v2\/posts\/115811\/revisions"}],"predecessor-version":[{"id":115813,"href":"https:\/\/nvnoticias.mx\/index.php\/wp-json\/wp\/v2\/posts\/115811\/revisions\/115813"}],"wp:featuredmedia":[{"embeddable":true,"href":"https:\/\/nvnoticias.mx\/index.php\/wp-json\/wp\/v2\/media\/115812"}],"wp:attachment":[{"href":"https:\/\/nvnoticias.mx\/index.php\/wp-json\/wp\/v2\/media?parent=115811"}],"wp:term":[{"taxonomy":"category","embeddable":true,"href":"https:\/\/nvnoticias.mx\/index.php\/wp-json\/wp\/v2\/categories?post=115811"},{"taxonomy":"post_tag","embeddable":true,"href":"https:\/\/nvnoticias.mx\/index.php\/wp-json\/wp\/v2\/tags?post=115811"}],"curies":[{"name":"wp","href":"https:\/\/api.w.org\/{rel}","templated":true}]}}