{"id":115793,"date":"2023-08-02T15:35:15","date_gmt":"2023-08-02T20:35:15","guid":{"rendered":"https:\/\/nvnoticias.mx\/?p=115793"},"modified":"2023-08-02T15:35:16","modified_gmt":"2023-08-02T20:35:16","slug":"se-registra-bloqueo-y-quema-de-vehiculos-en-limites-entre-morelos-y-cdmx","status":"publish","type":"post","link":"https:\/\/nvnoticias.mx\/index.php\/2023\/08\/02\/se-registra-bloqueo-y-quema-de-vehiculos-en-limites-entre-morelos-y-cdmx\/","title":{"rendered":"Se registra bloqueo y quema de veh\u00edculos en l\u00edmites entre Morelos y CDMX"},"content":{"rendered":"\n<p>La Comisi\u00f3n de Recursos Naturales y Desarrollo Rural (Corenadr) confirm\u00f3 que<strong> se prendi\u00f3 fuego a dos camiones y una retroexcavadora<\/strong>, por lo que se despleg\u00f3 un operativo con Guardia Nacional.<\/p>\n\n\n\n<p>Autoridades de la Ciudad de M\u00e9xico y de Morelos se encontraban en los l\u00edmites entre ambas entidades (<strong>Topilejo, Tlalpan y Huitzilac, Morelos<\/strong>) en un operativo en el que se hizo un importante decomiso contra la tala de \u00e1rboles, y los delincuentes est\u00e1n reaccionando con la quema de veh\u00edculos.<\/p>\n\n\n\n<p>Adem\u00e1s se reporta enfrentamientos en esa zona con elementos de la Guardia Nacional.<\/p>\n\n\n\n<p>El jefe de la polic\u00eda capitalina inform\u00f3 que se encuentran desplegados y que los hechos ocurridos en Huitzilac, Morelos.<\/p>\n\n\n\n<blockquote class=\"wp-block-quote is-layout-flow wp-block-quote-is-layout-flow\"><p>\u201cEstamos atentos y pendientes para mantener el orden y por cualquier apoyo que se requiera\u201d, escribi\u00f3.<\/p><\/blockquote>\n\n\n\n<p>Fuente: <a href=\"https:\/\/www.eluniversal.com.mx\/metropoli\/reportan-bloqueo-y-quema-de-vehiculos-en-topilejo-tlalpan-gn-despliega-operativo\/\" data-type=\"URL\" data-id=\"https:\/\/www.eluniversal.com.mx\/metropoli\/reportan-bloqueo-y-quema-de-vehiculos-en-topilejo-tlalpan-gn-despliega-operativo\/\">El Universal<\/a><\/p>\n","protected":false},"excerpt":{"rendered":"<p>La Comisi\u00f3n de Recursos Naturales y Desarrollo Rural (Corenadr) confirm\u00f3 que se prendi\u00f3 fuego a dos camiones y una retroexcavadora, por lo que se despleg\u00f3 un operativo con Guardia Nacional. Autoridades de la Ciudad de M\u00e9xico y de Morelos se encontraban en los l\u00edmites entre ambas entidades (Topilejo, Tlalpan y Huitzilac, Morelos) en un operativo [&hellip;]<\/p>\n","protected":false},"author":35,"featured_media":7348,"comment_status":"open","ping_status":"open","sticky":false,"template":"","format":"standard","meta":{"_monsterinsights_skip_tracking":false,"_monsterinsights_sitenote_active":false,"_monsterinsights_sitenote_note":"","_monsterinsights_sitenote_category":0,"footnotes":""},"categories":[157],"tags":[1905,307,10229,1468,13513,17028,4793],"class_list":["post-115793","post","type-post","status-publish","format-standard","has-post-thumbnail","hentry","category-nacional","tag-bloqueo","tag-cdmx","tag-limites","tag-morelos","tag-quema","tag-se-registra","tag-vehiculos","wp-image-borders"],"amp_enabled":true,"_links":{"self":[{"href":"https:\/\/nvnoticias.mx\/index.php\/wp-json\/wp\/v2\/posts\/115793","targetHints":{"allow":["GET"]}}],"collection":[{"href":"https:\/\/nvnoticias.mx\/index.php\/wp-json\/wp\/v2\/posts"}],"about":[{"href":"https:\/\/nvnoticias.mx\/index.php\/wp-json\/wp\/v2\/types\/post"}],"author":[{"embeddable":true,"href":"https:\/\/nvnoticias.mx\/index.php\/wp-json\/wp\/v2\/users\/35"}],"replies":[{"embeddable":true,"href":"https:\/\/nvnoticias.mx\/index.php\/wp-json\/wp\/v2\/comments?post=115793"}],"version-history":[{"count":2,"href":"https:\/\/nvnoticias.mx\/index.php\/wp-json\/wp\/v2\/posts\/115793\/revisions"}],"predecessor-version":[{"id":115795,"href":"https:\/\/nvnoticias.mx\/index.php\/wp-json\/wp\/v2\/posts\/115793\/revisions\/115795"}],"wp:featuredmedia":[{"embeddable":true,"href":"https:\/\/nvnoticias.mx\/index.php\/wp-json\/wp\/v2\/media\/7348"}],"wp:attachment":[{"href":"https:\/\/nvnoticias.mx\/index.php\/wp-json\/wp\/v2\/media?parent=115793"}],"wp:term":[{"taxonomy":"category","embeddable":true,"href":"https:\/\/nvnoticias.mx\/index.php\/wp-json\/wp\/v2\/categories?post=115793"},{"taxonomy":"post_tag","embeddable":true,"href":"https:\/\/nvnoticias.mx\/index.php\/wp-json\/wp\/v2\/tags?post=115793"}],"curies":[{"name":"wp","href":"https:\/\/api.w.org\/{rel}","templated":true}]}}