{"id":115754,"date":"2023-08-02T12:56:59","date_gmt":"2023-08-02T17:56:59","guid":{"rendered":"https:\/\/nvnoticias.mx\/?p=115754"},"modified":"2023-08-02T12:57:50","modified_gmt":"2023-08-02T17:57:50","slug":"preocupacion-ciudadana-por-derribo-del-mural-conmemorativo-de-la-superacion-ciudadana-en-parque-zamora-de-veracruz","status":"publish","type":"post","link":"https:\/\/nvnoticias.mx\/index.php\/2023\/08\/02\/preocupacion-ciudadana-por-derribo-del-mural-conmemorativo-de-la-superacion-ciudadana-en-parque-zamora-de-veracruz\/","title":{"rendered":"Preocupaci\u00f3n ciudadana por derribo del mural conmemorativo de la Superaci\u00f3n Ciudadana en Parque Zamora de Veracruz"},"content":{"rendered":"\n<p><strong>Jes\u00fas Utrilla | NV Noticias<\/strong><\/p>\n\n\n\n<p>En las primeras horas del mes, varios ciudadanos se sorprendieron al observar el derribo del mural conmemorativo de la instituci\u00f3n de la Superaci\u00f3n Ciudadana de Veracruz, ubicado en una de las esquinas del Parque Zamora.<\/p>\n\n\n\n<p>El parque se encuentra actualmente en proceso de rehabilitaci\u00f3n, tal como lo anunci\u00f3 el Ayuntamiento de Veracruz, como parte de los esfuerzos de inversi\u00f3n en el centro hist\u00f3rico. Sin embargo, hasta el momento, no se ha revelado ning\u00fan plan o idea para reponer el espacio dedicado a la instituci\u00f3n, que este a\u00f1o cumple 70 a\u00f1os desde su creaci\u00f3n durante la gesti\u00f3n del alcalde porte\u00f1o Arturo Ll\u00f3rente Gonz\u00e1lez.<\/p>\n\n\n\n<p>Luis Fernando Ruz, exdirector de cultura y galardonado con el Premio Superaci\u00f3n Ciudadana en 2014, consider\u00f3 fundamental que la autoridad municipal informe sobre el plan para sustituir el mural, ya que era uno de los pocos espacios que conmemoraban a la instituci\u00f3n.<\/p>\n\n\n\n<blockquote class=\"wp-block-quote is-layout-flow wp-block-quote-is-layout-flow\"><p>&#8220;Es importante preservar los valores hist\u00f3ricos y las instituciones que nos dan identidad como veracruzanos&#8221;.<\/p><\/blockquote>\n\n\n\n<p>Indira Dom\u00ednguez, promotora y gestora cultural independiente, inst\u00f3 a las autoridades responsables de la obra a comunicar qu\u00e9 proyecto cultural se llevar\u00e1 a cabo para mantener el parque &#8220;vivo&#8221;.<\/p>\n\n\n\n<p>Record\u00f3 que hace algunos a\u00f1os existi\u00f3 la intenci\u00f3n de crear espacios destinados a actividades y promoci\u00f3n de las actividades culturales de las escuelas municipales de arte. Adem\u00e1s, expres\u00f3 su preocupaci\u00f3n por el derribo del espacio dedicado a la Superaci\u00f3n Ciudadana y a los patronos.<\/p>\n\n\n\n<p>La Instituci\u00f3n de la Superaci\u00f3n Ciudadana fue creada el 15 de agosto de 1953 y formalizada en el Acta de Cabildo del Ayuntamiento de Veracruz del 21 de agosto de ese mismo a\u00f1o. Funciona como un patronato que busca reconocer las virtudes y conductas ejemplares, dignas de emulaci\u00f3n, realizadas por personas f\u00edsicas o morales.<\/p>\n\n\n\n<p>Ante la incertidumbre sobre el futuro del mural conmemorativo, los ciudadanos esperan que las autoridades municipales informen sobre el plan para preservar y honrar la historia y la identidad de Veracruz a trav\u00e9s de esta instituci\u00f3n y su legado.<\/p>\n","protected":false},"excerpt":{"rendered":"<p>Jes\u00fas Utrilla | NV Noticias En las primeras horas del mes, varios ciudadanos se sorprendieron al observar el derribo del mural conmemorativo de la instituci\u00f3n de la Superaci\u00f3n Ciudadana de Veracruz, ubicado en una de las esquinas del Parque Zamora. El parque se encuentra actualmente en proceso de rehabilitaci\u00f3n, tal como lo anunci\u00f3 el Ayuntamiento [&hellip;]<\/p>\n","protected":false},"author":35,"featured_media":115755,"comment_status":"open","ping_status":"open","sticky":false,"template":"","format":"standard","meta":{"_monsterinsights_skip_tracking":false,"_monsterinsights_sitenote_active":false,"_monsterinsights_sitenote_note":"","_monsterinsights_sitenote_category":0,"footnotes":""},"categories":[154],"tags":[17011,23050,26614,2933,8691,26615,180],"class_list":["post-115754","post","type-post","status-publish","format-standard","has-post-thumbnail","hentry","category-veracruz","tag-ciudadana","tag-derribo","tag-mural-conmemorativo","tag-parque-zamora","tag-preocupacion","tag-superacion","tag-veracruz","wp-image-borders"],"amp_enabled":true,"_links":{"self":[{"href":"https:\/\/nvnoticias.mx\/index.php\/wp-json\/wp\/v2\/posts\/115754","targetHints":{"allow":["GET"]}}],"collection":[{"href":"https:\/\/nvnoticias.mx\/index.php\/wp-json\/wp\/v2\/posts"}],"about":[{"href":"https:\/\/nvnoticias.mx\/index.php\/wp-json\/wp\/v2\/types\/post"}],"author":[{"embeddable":true,"href":"https:\/\/nvnoticias.mx\/index.php\/wp-json\/wp\/v2\/users\/35"}],"replies":[{"embeddable":true,"href":"https:\/\/nvnoticias.mx\/index.php\/wp-json\/wp\/v2\/comments?post=115754"}],"version-history":[{"count":2,"href":"https:\/\/nvnoticias.mx\/index.php\/wp-json\/wp\/v2\/posts\/115754\/revisions"}],"predecessor-version":[{"id":115757,"href":"https:\/\/nvnoticias.mx\/index.php\/wp-json\/wp\/v2\/posts\/115754\/revisions\/115757"}],"wp:featuredmedia":[{"embeddable":true,"href":"https:\/\/nvnoticias.mx\/index.php\/wp-json\/wp\/v2\/media\/115755"}],"wp:attachment":[{"href":"https:\/\/nvnoticias.mx\/index.php\/wp-json\/wp\/v2\/media?parent=115754"}],"wp:term":[{"taxonomy":"category","embeddable":true,"href":"https:\/\/nvnoticias.mx\/index.php\/wp-json\/wp\/v2\/categories?post=115754"},{"taxonomy":"post_tag","embeddable":true,"href":"https:\/\/nvnoticias.mx\/index.php\/wp-json\/wp\/v2\/tags?post=115754"}],"curies":[{"name":"wp","href":"https:\/\/api.w.org\/{rel}","templated":true}]}}