{"id":115702,"date":"2023-08-01T16:48:13","date_gmt":"2023-08-01T21:48:13","guid":{"rendered":"https:\/\/nvnoticias.mx\/?p=115702"},"modified":"2023-08-01T16:48:15","modified_gmt":"2023-08-01T21:48:15","slug":"reacciona-zendaya-a-la-muerte-de-angus-cloud","status":"publish","type":"post","link":"https:\/\/nvnoticias.mx\/index.php\/2023\/08\/01\/reacciona-zendaya-a-la-muerte-de-angus-cloud\/","title":{"rendered":"Reacciona Zendaya a la muerte de Angus Cloud"},"content":{"rendered":"\n<p>Zendaya expres\u00f3 por primera vez su p\u00e9same ante la muerte de su compa\u00f1ero en Euphoria, Angus Cloud,quien interpret\u00f3 a Fezco por dos temporadas.<\/p>\n\n\n\n<p>La actriz comparti\u00f3 en sus redes sociales una fotograf\u00eda del actor y dedic\u00f3 unas palabras para \u00e9l, as\u00ed como reafirmando la relaci\u00f3n de amistad que hab\u00eda entre ellos.<\/p>\n\n\n\n<p>Despu\u00e9s de que se diera a conocer la muerte del actor, una de las compa\u00f1eras m\u00e1s cercanas a Angus Cloud, Zendaya, comparti\u00f3 su sentir sobre este triste acontecimiento.<\/p>\n\n\n\n<p>En propias palabras de la actriz, \u00e9ste es uno de los d\u00edas m\u00e1s tristes adem\u00e1s de que pidi\u00f3 respeto para su madre.<\/p>\n\n\n\n<p>La actriz asegur\u00f3 que Angus Cloud era uno de los seres m\u00e1s especiales que hab\u00eda conocido y recalc\u00f3 que su sonrisa pod\u00eda iluminar el d\u00eda de cualquier persona.<\/p>\n\n\n\n<blockquote class=\"wp-block-quote is-layout-flow wp-block-quote-is-layout-flow\"><p>&#8220;Las palabras no bastan para describir la belleza infinita que es Angus (Conor). Estoy tan agradecida de tener la oportunidad de conocerlo en esta vida, de llamarlo hermano, de ver sus ojos c\u00e1lidos y bondadosos y sonrisa brillante, o escuchar su cacareo infeccioso de una risa (estoy sonriendo ahora solo pensando en ello) S\u00e9 que la gente usa esta expresi\u00f3n a menudo cuando hablan de la gente que aman\u2026<br>&#8220;pod\u00edan iluminar cualquier habitaci\u00f3n que entraran&#8221; pero chico, d\u00e9jame decirte que era el mejor en eso. Me gustar\u00eda recordarlo de esa manera. Por toda la luz ilimitada, amor y alegria que siempre logr\u00f3 darnos. Apreciar\u00e9 cada momento.<br>Mi coraz\u00f3n est\u00e1 con su madre y familia en este momento y por favor s\u00e9 amable y paciente, ya que el dolor parece diferente para todos&#8221;.<br><\/p><\/blockquote>\n\n\n\n<p>Fuente: <a href=\"https:\/\/www.milenio.com\/espectaculos\/famosos\/zendaya-muerte-angus-cloud-companero-euphoria\" data-type=\"URL\" data-id=\"https:\/\/www.milenio.com\/espectaculos\/famosos\/zendaya-muerte-angus-cloud-companero-euphoria\">Milenio<\/a><\/p>\n","protected":false},"excerpt":{"rendered":"<p>Zendaya expres\u00f3 por primera vez su p\u00e9same ante la muerte de su compa\u00f1ero en Euphoria, Angus Cloud,quien interpret\u00f3 a Fezco por dos temporadas. La actriz comparti\u00f3 en sus redes sociales una fotograf\u00eda del actor y dedic\u00f3 unas palabras para \u00e9l, as\u00ed como reafirmando la relaci\u00f3n de amistad que hab\u00eda entre ellos. Despu\u00e9s de que se [&hellip;]<\/p>\n","protected":false},"author":35,"featured_media":115595,"comment_status":"open","ping_status":"open","sticky":false,"template":"","format":"standard","meta":{"_monsterinsights_skip_tracking":false,"_monsterinsights_sitenote_active":false,"_monsterinsights_sitenote_note":"","_monsterinsights_sitenote_category":0,"footnotes":""},"categories":[576],"tags":[26579,311,9491],"class_list":["post-115702","post","type-post","status-publish","format-standard","has-post-thumbnail","hentry","category-ocio","tag-angus-cloud","tag-muerte","tag-reacciona","wp-image-borders"],"amp_enabled":true,"_links":{"self":[{"href":"https:\/\/nvnoticias.mx\/index.php\/wp-json\/wp\/v2\/posts\/115702","targetHints":{"allow":["GET"]}}],"collection":[{"href":"https:\/\/nvnoticias.mx\/index.php\/wp-json\/wp\/v2\/posts"}],"about":[{"href":"https:\/\/nvnoticias.mx\/index.php\/wp-json\/wp\/v2\/types\/post"}],"author":[{"embeddable":true,"href":"https:\/\/nvnoticias.mx\/index.php\/wp-json\/wp\/v2\/users\/35"}],"replies":[{"embeddable":true,"href":"https:\/\/nvnoticias.mx\/index.php\/wp-json\/wp\/v2\/comments?post=115702"}],"version-history":[{"count":1,"href":"https:\/\/nvnoticias.mx\/index.php\/wp-json\/wp\/v2\/posts\/115702\/revisions"}],"predecessor-version":[{"id":115703,"href":"https:\/\/nvnoticias.mx\/index.php\/wp-json\/wp\/v2\/posts\/115702\/revisions\/115703"}],"wp:featuredmedia":[{"embeddable":true,"href":"https:\/\/nvnoticias.mx\/index.php\/wp-json\/wp\/v2\/media\/115595"}],"wp:attachment":[{"href":"https:\/\/nvnoticias.mx\/index.php\/wp-json\/wp\/v2\/media?parent=115702"}],"wp:term":[{"taxonomy":"category","embeddable":true,"href":"https:\/\/nvnoticias.mx\/index.php\/wp-json\/wp\/v2\/categories?post=115702"},{"taxonomy":"post_tag","embeddable":true,"href":"https:\/\/nvnoticias.mx\/index.php\/wp-json\/wp\/v2\/tags?post=115702"}],"curies":[{"name":"wp","href":"https:\/\/api.w.org\/{rel}","templated":true}]}}