{"id":115674,"date":"2023-08-01T14:19:10","date_gmt":"2023-08-01T19:19:10","guid":{"rendered":"https:\/\/nvnoticias.mx\/?p=115674"},"modified":"2023-08-01T14:19:11","modified_gmt":"2023-08-01T19:19:11","slug":"mexico-respondio-satisfactoriamente-a-requerimientos-de-seguridad-aerea","status":"publish","type":"post","link":"https:\/\/nvnoticias.mx\/index.php\/2023\/08\/01\/mexico-respondio-satisfactoriamente-a-requerimientos-de-seguridad-aerea\/","title":{"rendered":"M\u00e9xico respondi\u00f3 satisfactoriamente a requerimientos de seguridad a\u00e9rea"},"content":{"rendered":"\n<p><strong>Jes\u00fas Utrilla \/ NV Noticias<\/strong><\/p>\n\n\n\n<p>M\u00e9xico respondi\u00f3 satisfactoriamente requerimientos de la FAA para categor\u00eda 1.<br>El director comercial de Aerus, Javier Herrera, record\u00f3 que la reducci\u00f3n de la calificaci\u00f3n de seguridad a\u00e9rea por parte de las autoridades estadounidenses gener\u00f3 un impacto de millones de d\u00f3lares a las aerol\u00edneas nacionales, reconoci\u00f3<\/p>\n\n\n\n<p>Y es que en mayo de 2021 la FAA redujo a M\u00e9xico a la categor\u00eda 2 citando deficiencias de seguridad y restringiendo la capacidad de las aerol\u00edneas locales para abrir nuevas rutas hacia y desde su vecino del norte.<\/p>\n\n\n\n<blockquote class=\"wp-block-quote is-layout-flow wp-block-quote-is-layout-flow\"><p>&#8220;<em>La \u00faltima inspecci\u00f3n que se hizo fue en mayo de este a\u00f1o. Recuperar la categor\u00eda 1 es la oportunidad de aperturas m\u00e1s estaciones y vuelos hacia Estados Unidos. Este mismo a\u00f1o podr\u00edamos estar volando a Estados Unidos<\/em>\u201d.<\/p><\/blockquote>\n\n\n\n<p>Con la degradaci\u00f3n, se cancelaron servicios como la venta de boletos en c\u00f3digo compartido con compa\u00f1\u00edas norteamericanas.<\/p>\n\n\n\n<p>Tambi\u00e9n se restringi\u00f3 la autorizaci\u00f3n de nuevas rutas de M\u00e9xico hacia Estados Unidos afectando econ\u00f3micamente a las aerol\u00edneas nacionales.<\/p>\n\n\n\n<p>Si se eleva la categor\u00eda iniciar\u00edan una serie de tr\u00e1mites y se reestablecer\u00e1n las relaciones a\u00e9reas binacionales, proceso que se llevar\u00eda cerca de 60 d\u00edas.<\/p>\n\n\n\n<blockquote class=\"wp-block-quote is-layout-flow wp-block-quote-is-layout-flow\"><p>&#8220;<em>Aumentas frecuencias, vuelos a Estados Unidos y por ende hay m\u00e1s pasajeros. Nosotros apenas estamos planeando para volar a Estados Unidos<\/em>&#8220;.<\/p><\/blockquote>\n\n\n\n<p>La degradaci\u00f3n a categor\u00eda 2 se la otorg\u00f3 la Administraci\u00f3n Federal de Aviaci\u00f3n de Estados Unidos en mayo de 2021, debido a una treintena de fallos que encontr\u00f3 la autoridad de EE UU.<\/p>\n\n\n\n<p>El secretario de Infraestructura, Comunicaciones y Transportes, Jorge Nu\u00f1o Lara, afirm\u00f3 que la autoridad mexicana respondi\u00f3 satisfactoriamente los requerimientos para recuperar la categor\u00eda 1 de seguridad a\u00e9rea.<\/p>\n","protected":false},"excerpt":{"rendered":"<p>Jes\u00fas Utrilla \/ NV Noticias M\u00e9xico respondi\u00f3 satisfactoriamente requerimientos de la FAA para categor\u00eda 1.El director comercial de Aerus, Javier Herrera, record\u00f3 que la reducci\u00f3n de la calificaci\u00f3n de seguridad a\u00e9rea por parte de las autoridades estadounidenses gener\u00f3 un impacto de millones de d\u00f3lares a las aerol\u00edneas nacionales, reconoci\u00f3 Y es que en mayo de [&hellip;]<\/p>\n","protected":false},"author":8,"featured_media":66736,"comment_status":"open","ping_status":"open","sticky":false,"template":"","format":"standard","meta":{"_monsterinsights_skip_tracking":false,"_monsterinsights_sitenote_active":false,"_monsterinsights_sitenote_note":"","_monsterinsights_sitenote_category":0,"footnotes":""},"categories":[154],"tags":[22573],"class_list":["post-115674","post","type-post","status-publish","format-standard","has-post-thumbnail","hentry","category-veracruz","tag-seguridad-aerea","wp-image-borders"],"amp_enabled":true,"_links":{"self":[{"href":"https:\/\/nvnoticias.mx\/index.php\/wp-json\/wp\/v2\/posts\/115674","targetHints":{"allow":["GET"]}}],"collection":[{"href":"https:\/\/nvnoticias.mx\/index.php\/wp-json\/wp\/v2\/posts"}],"about":[{"href":"https:\/\/nvnoticias.mx\/index.php\/wp-json\/wp\/v2\/types\/post"}],"author":[{"embeddable":true,"href":"https:\/\/nvnoticias.mx\/index.php\/wp-json\/wp\/v2\/users\/8"}],"replies":[{"embeddable":true,"href":"https:\/\/nvnoticias.mx\/index.php\/wp-json\/wp\/v2\/comments?post=115674"}],"version-history":[{"count":1,"href":"https:\/\/nvnoticias.mx\/index.php\/wp-json\/wp\/v2\/posts\/115674\/revisions"}],"predecessor-version":[{"id":115675,"href":"https:\/\/nvnoticias.mx\/index.php\/wp-json\/wp\/v2\/posts\/115674\/revisions\/115675"}],"wp:featuredmedia":[{"embeddable":true,"href":"https:\/\/nvnoticias.mx\/index.php\/wp-json\/wp\/v2\/media\/66736"}],"wp:attachment":[{"href":"https:\/\/nvnoticias.mx\/index.php\/wp-json\/wp\/v2\/media?parent=115674"}],"wp:term":[{"taxonomy":"category","embeddable":true,"href":"https:\/\/nvnoticias.mx\/index.php\/wp-json\/wp\/v2\/categories?post=115674"},{"taxonomy":"post_tag","embeddable":true,"href":"https:\/\/nvnoticias.mx\/index.php\/wp-json\/wp\/v2\/tags?post=115674"}],"curies":[{"name":"wp","href":"https:\/\/api.w.org\/{rel}","templated":true}]}}