{"id":115650,"date":"2023-08-01T13:12:08","date_gmt":"2023-08-01T18:12:08","guid":{"rendered":"https:\/\/nvnoticias.mx\/?p=115650"},"modified":"2023-08-01T13:12:08","modified_gmt":"2023-08-01T18:12:08","slug":"elegir-a-fiscal-federal-una-ocurrencia-especialistas","status":"publish","type":"post","link":"https:\/\/nvnoticias.mx\/index.php\/2023\/08\/01\/elegir-a-fiscal-federal-una-ocurrencia-especialistas\/","title":{"rendered":"Elegir a fiscal federal, una ocurrencia: Especialistas"},"content":{"rendered":"\n<p>Constitucionalistas y especialistas en Derecho calificaron como \u201cuna ocurrencia que no tiene pies ni cabeza\u201d y un \u201cdesprop\u00f3sito\u201d la propuesta del presidente Andr\u00e9s Manuel L\u00f3pez Obrador de que el titular de la Fiscal\u00eda General de la Rep\u00fablica (FGR) sea electo por voto popular directo.<\/p>\n\n\n\n<p>Francisco Burgoa, abogado constitucionalista y catedr\u00e1tico de la Universidad Nacional Aut\u00f3noma de M\u00e9xico (UNAM), asegur\u00f3 que estas declaraciones son hechas por el presidente L\u00f3pez Obrador para atraer el voto de sus simpatizantes y de los indecisos rumbo a las elecciones de 2024.<\/p>\n\n\n\n<p>Se\u00f1al\u00f3 que los ministros de la Suprema Corte Justicia de Naci\u00f3n (SCJN) al igual que el procurador general de la Rep\u00fablica nunca han sido electos por el voto popular directo en M\u00e9xico.<\/p>\n\n\n\n<blockquote class=\"wp-block-quote is-layout-flow wp-block-quote-is-layout-flow\"><p>\u201cEs un desprop\u00f3sito que el Presidente de la Rep\u00fablica ahora quiera proponer que el fiscal general de la Rep\u00fablica sea electo por el voto popular directo.<\/p><\/blockquote>\n\n\n\n<blockquote class=\"wp-block-quote is-layout-flow wp-block-quote-is-layout-flow\"><p>\u201cEs una narrativa que el Presidente ha venido diciendo de los ministros [de la SCJN] cuando est\u00e1 jur\u00eddicamente o constitucionalmente comprobado que los ministros al igual que el procurador nunca han sido electos por el voto popular directo y esto simplemente es una narrativa del Presidente, pues para poder tambi\u00e9n de alguna forma atraer ese voto para aquellos simpatizantes de su movimiento y tambi\u00e9n para los indecisos, que va con ese prop\u00f3sito de poder tener votos a su favor, para poder lograr una eventual mayor\u00eda calificada de Morena junto con sus aliados, es decir, el PVEM y PT [en el Congreso de la Uni\u00f3n]\u201d.<\/p><\/blockquote>\n\n\n\n<p>Subray\u00f3 que la apuesta del Jefe del Ejecutivo federal es poder contar con una mayor\u00eda califica en el Congreso de la Uni\u00f3n para poder reformar la Constituci\u00f3n como quisiera \u201co incluso, hasta sustituir la Constituci\u00f3n vigente que tenemos de 1917\u201d .<\/p>\n\n\n\n<p>El abogado y polit\u00f3logo Jes\u00fas Mart\u00edn Reyes calific\u00f3 esta propuesta como \u201cuna ocurrencia\u201d, la cual \u201cno tiene pies ni cabeza\u201d porque, dijo, no hay ning\u00fan planteamiento serio del presidente L\u00f3pez Obrador.<\/p>\n\n\n\n<p>El tambi\u00e9n profesor del Instituto de Investigaciones Jur\u00eddicas (IIJ) de la UNAM refiri\u00f3 que las elecciones no son el mecanismo m\u00e1s id\u00f3neo para garantizar que las personas que lleguen al cargo tengan la capacidad t\u00e9cnica para dirigir una organizaci\u00f3n de este tipo.<\/p>\n\n\n\n<blockquote class=\"wp-block-quote is-layout-flow wp-block-quote-is-layout-flow\"><p>\u201cLas elecciones no garantizan ni imparcialidad pol\u00edtica ni imparcialidad t\u00e9cnica. Lejos de resolver los grandes problemas de la procuraci\u00f3n de justicia los terminar\u00eda agravando. Tanto es una mala idea elegir a las y los ministros de la [Suprema] Corte [de Justicia de la Naci\u00f3n] a trav\u00e9s de elecciones, como es una mala idea elegir tambi\u00e9n a la persona titular de la Fiscal\u00eda General [de la Rep\u00fablica] a trav\u00e9s de elecciones\u201d, reiter\u00f3 el experto.<\/p><\/blockquote>\n\n\n\n<p>Esta reforma que plantea el Presidente de M\u00e9xico ya no se podr\u00eda hacer en este momento, precis\u00f3 el especialista en Derecho Constitucional y Electoral, porque implicar\u00eda una modificaci\u00f3n sustancial al r\u00e9gimen electoral actual y eso es imposible en este momento.<\/p>\n\n\n\n<p>Explic\u00f3 que \u201csi nos vamos a un esquema de elecciones\u201d, los partidos pol\u00edticos son los que tienen la capacidad de movilizar votantes: \u201c\u00bfQueremos que los partidos pol\u00edticos controlen a la Fiscal\u00eda General de la Rep\u00fablica? \u00bfQue decidan qu\u00e9 casos se judicializan, a qui\u00e9n se le investiga, c\u00f3mo se le investiga? Eso acrecentar\u00eda la politizaci\u00f3n de la fiscal\u00eda, eso ir\u00eda en contra de la imparcialidad con la que tendr\u00eda que actuar\u201d, consider\u00f3.<\/p>\n\n\n\n<p>Indic\u00f3 que la transici\u00f3n de la Procuradur\u00eda General de la Rep\u00fablica (PGR) a la Fiscal\u00eda General de la Rep\u00fablica (FGR) \u201cva en una direcci\u00f3n exactamente opuesta\u201d. Precis\u00f3 que la procuraci\u00f3n de justicia en el pa\u00eds tiene dos problemas: el uso pol\u00edtico de la fiscal\u00eda, con el fiscal Alejandro Gertz Manero, y la falta de capacidades t\u00e9cnicas para poder investigar.<\/p>\n\n\n\n<p>Fuente: <a href=\"https:\/\/www.eluniversal.com.mx\/nacion\/elegir-a-fiscal-federal-una-ocurrencia-especialistas\/\" data-type=\"URL\" data-id=\"https:\/\/www.eluniversal.com.mx\/nacion\/elegir-a-fiscal-federal-una-ocurrencia-especialistas\/\">El Universal<\/a> <\/p>\n","protected":false},"excerpt":{"rendered":"<p>Constitucionalistas y especialistas en Derecho calificaron como \u201cuna ocurrencia que no tiene pies ni cabeza\u201d y un \u201cdesprop\u00f3sito\u201d la propuesta del presidente Andr\u00e9s Manuel L\u00f3pez Obrador de que el titular de la Fiscal\u00eda General de la Rep\u00fablica (FGR) sea electo por voto popular directo. Francisco Burgoa, abogado constitucionalista y catedr\u00e1tico de la Universidad Nacional Aut\u00f3noma [&hellip;]<\/p>\n","protected":false},"author":35,"featured_media":31201,"comment_status":"open","ping_status":"open","sticky":false,"template":"","format":"standard","meta":{"_monsterinsights_skip_tracking":false,"_monsterinsights_sitenote_active":false,"_monsterinsights_sitenote_note":"","_monsterinsights_sitenote_category":0,"footnotes":""},"categories":[158],"tags":[18834,26592,25478],"class_list":["post-115650","post","type-post","status-publish","format-standard","has-post-thumbnail","hentry","category-politica","tag-elegir","tag-fiscal-federal","tag-ocurrencia","wp-image-borders"],"amp_enabled":true,"_links":{"self":[{"href":"https:\/\/nvnoticias.mx\/index.php\/wp-json\/wp\/v2\/posts\/115650","targetHints":{"allow":["GET"]}}],"collection":[{"href":"https:\/\/nvnoticias.mx\/index.php\/wp-json\/wp\/v2\/posts"}],"about":[{"href":"https:\/\/nvnoticias.mx\/index.php\/wp-json\/wp\/v2\/types\/post"}],"author":[{"embeddable":true,"href":"https:\/\/nvnoticias.mx\/index.php\/wp-json\/wp\/v2\/users\/35"}],"replies":[{"embeddable":true,"href":"https:\/\/nvnoticias.mx\/index.php\/wp-json\/wp\/v2\/comments?post=115650"}],"version-history":[{"count":4,"href":"https:\/\/nvnoticias.mx\/index.php\/wp-json\/wp\/v2\/posts\/115650\/revisions"}],"predecessor-version":[{"id":115654,"href":"https:\/\/nvnoticias.mx\/index.php\/wp-json\/wp\/v2\/posts\/115650\/revisions\/115654"}],"wp:featuredmedia":[{"embeddable":true,"href":"https:\/\/nvnoticias.mx\/index.php\/wp-json\/wp\/v2\/media\/31201"}],"wp:attachment":[{"href":"https:\/\/nvnoticias.mx\/index.php\/wp-json\/wp\/v2\/media?parent=115650"}],"wp:term":[{"taxonomy":"category","embeddable":true,"href":"https:\/\/nvnoticias.mx\/index.php\/wp-json\/wp\/v2\/categories?post=115650"},{"taxonomy":"post_tag","embeddable":true,"href":"https:\/\/nvnoticias.mx\/index.php\/wp-json\/wp\/v2\/tags?post=115650"}],"curies":[{"name":"wp","href":"https:\/\/api.w.org\/{rel}","templated":true}]}}