{"id":115460,"date":"2023-07-30T14:48:48","date_gmt":"2023-07-30T19:48:48","guid":{"rendered":"https:\/\/nvnoticias.mx\/?p=115460"},"modified":"2023-07-30T14:48:49","modified_gmt":"2023-07-30T19:48:49","slug":"hoteleros-esperan-repunte-en-ocupacion-estas-vacaciones-de-verano","status":"publish","type":"post","link":"https:\/\/nvnoticias.mx\/index.php\/2023\/07\/30\/hoteleros-esperan-repunte-en-ocupacion-estas-vacaciones-de-verano\/","title":{"rendered":"Hoteleros esperan repunte en ocupaci\u00f3n estas vacaciones de verano"},"content":{"rendered":"\n<p><strong>Jes\u00fas Utrilla |<\/strong> <strong>NV Noticias<\/strong>&nbsp;<\/p>\n\n\n\n<p>Veracruz. &#8211; &nbsp;El sector hotelero vaticina buenos resultados por las vacaciones de verano ya que se trata de un periodo largo.<\/p>\n\n\n\n<p>Aunque no di\u00f3 cifras, C\u00e9sar Alfonso Mu\u00f1iz Cuervo, presidente de la Asociaci\u00f3n de Hoteles y Moteles de Veracruz, consider\u00f3 que ser\u00e1 de las mejores \u00e9pocas del a\u00f1o para los prestadores de servicios tur\u00edsticos.<\/p>\n\n\n\n<p>En el caso de los hoteles hay varias habitaciones ocupadas y la tendencia se mantendr\u00e1 hasta finales de agosto con el inicio del nuevo ciclo escolar y el retorno a las aulas.<\/p>\n\n\n\n<blockquote class=\"wp-block-quote is-layout-flow wp-block-quote-is-layout-flow\"><p>\u201cEl verano esperamos que tengas una buena afluencia de turismo. En lo que vamos de marzo para ac\u00e1 hemos tenido buena afluencia con los eventos en la zona conurbada y esperamos que este verano sea el punto donde se vea reflejado el turismo que hemos tenido este semestre. Invitamos a la gente a que venga porque estamos preparados para atenderlos y tenemos todo tipo de actividades para todo tipo de turismo para que la pasen muy bien\u201d.<\/p><\/blockquote>\n\n\n\n<p>Afirm\u00f3 que la realizaci\u00f3n de festivales y actividades diversas ayudan a que m\u00e1s gente visite la zona conurbada.<\/p>\n\n\n\n<p>Adem\u00e1s se trata de uno de los periodos m\u00e1s importantes para los prestadores de servicios tur\u00edsticos por el n\u00famero de d\u00edas de descanso.<\/p>\n\n\n\n<p>Record\u00f3 que concluyen las fiestas de Santa Ana que tambi\u00e9n ayudaron a que m\u00e1s gente llegar a la zona metropolitana.<\/p>\n","protected":false},"excerpt":{"rendered":"<p>Jes\u00fas Utrilla | NV Noticias&nbsp; Veracruz. &#8211; &nbsp;El sector hotelero vaticina buenos resultados por las vacaciones de verano ya que se trata de un periodo largo. Aunque no di\u00f3 cifras, C\u00e9sar Alfonso Mu\u00f1iz Cuervo, presidente de la Asociaci\u00f3n de Hoteles y Moteles de Veracruz, consider\u00f3 que ser\u00e1 de las mejores \u00e9pocas del a\u00f1o para los [&hellip;]<\/p>\n","protected":false},"author":6,"featured_media":16357,"comment_status":"open","ping_status":"open","sticky":false,"template":"","format":"standard","meta":{"_monsterinsights_skip_tracking":false,"_monsterinsights_sitenote_active":false,"_monsterinsights_sitenote_note":"","_monsterinsights_sitenote_category":0,"footnotes":""},"categories":[154],"tags":[2223,4756],"class_list":["post-115460","post","type-post","status-publish","format-standard","has-post-thumbnail","hentry","category-veracruz","tag-hoteleros","tag-vacaciones-de-verano","wp-image-borders"],"amp_enabled":true,"_links":{"self":[{"href":"https:\/\/nvnoticias.mx\/index.php\/wp-json\/wp\/v2\/posts\/115460","targetHints":{"allow":["GET"]}}],"collection":[{"href":"https:\/\/nvnoticias.mx\/index.php\/wp-json\/wp\/v2\/posts"}],"about":[{"href":"https:\/\/nvnoticias.mx\/index.php\/wp-json\/wp\/v2\/types\/post"}],"author":[{"embeddable":true,"href":"https:\/\/nvnoticias.mx\/index.php\/wp-json\/wp\/v2\/users\/6"}],"replies":[{"embeddable":true,"href":"https:\/\/nvnoticias.mx\/index.php\/wp-json\/wp\/v2\/comments?post=115460"}],"version-history":[{"count":1,"href":"https:\/\/nvnoticias.mx\/index.php\/wp-json\/wp\/v2\/posts\/115460\/revisions"}],"predecessor-version":[{"id":115461,"href":"https:\/\/nvnoticias.mx\/index.php\/wp-json\/wp\/v2\/posts\/115460\/revisions\/115461"}],"wp:featuredmedia":[{"embeddable":true,"href":"https:\/\/nvnoticias.mx\/index.php\/wp-json\/wp\/v2\/media\/16357"}],"wp:attachment":[{"href":"https:\/\/nvnoticias.mx\/index.php\/wp-json\/wp\/v2\/media?parent=115460"}],"wp:term":[{"taxonomy":"category","embeddable":true,"href":"https:\/\/nvnoticias.mx\/index.php\/wp-json\/wp\/v2\/categories?post=115460"},{"taxonomy":"post_tag","embeddable":true,"href":"https:\/\/nvnoticias.mx\/index.php\/wp-json\/wp\/v2\/tags?post=115460"}],"curies":[{"name":"wp","href":"https:\/\/api.w.org\/{rel}","templated":true}]}}