{"id":115365,"date":"2023-07-29T15:18:59","date_gmt":"2023-07-29T20:18:59","guid":{"rendered":"https:\/\/nvnoticias.mx\/?p=115365"},"modified":"2023-07-29T15:20:38","modified_gmt":"2023-07-29T20:20:38","slug":"realizan-el-tradicional-bano-en-boca-del-rio","status":"publish","type":"post","link":"https:\/\/nvnoticias.mx\/index.php\/2023\/07\/29\/realizan-el-tradicional-bano-en-boca-del-rio\/","title":{"rendered":"Realizan el tradicional ba\u00f1o en Boca del R\u00edo"},"content":{"rendered":"\n<p><strong>Jes\u00fas Utrilla \/ NV Noticias<\/strong><\/p>\n\n\n\n<p>En una celebraci\u00f3n llena de alegr\u00eda y tradici\u00f3n, se llev\u00f3 a cabo el esperado Ba\u00f1o de Santa Ana 2023 en el pintoresco municipio de Boca Del R\u00edo. Este evento anual, conocido por atraer a cientos de asistentes de la regi\u00f3n, se llev\u00f3 con gran \u00e9xito y participaci\u00f3n.<\/p>\n\n\n\n<p>El Ba\u00f1o de Santa Ana, que honra a la patrona del pueblo, fue encabezado por el alcalde Juan Manuel de Unanue Abascal, as\u00ed como por su esposa Melina Rivera.<\/p>\n\n\n\n<p>Es una festividad de la localidad, destacando por su arraigo cultural y folkl\u00f3rico. En esta ocasi\u00f3n, la talentosa actriz y cantante, Ivonne Montero, tuvo el honor de fungir como madrina de la celebraci\u00f3n, a\u00f1adiendo un toque especial de brillo y elegancia al evento.<\/p>\n\n\n\n<p>La jornada estuvo acompa\u00f1ada por la m\u00fasica contagiosa del tecladista Mario Polo, cuyos ritmos animaron a los asistentes a disfrutar y bailar durante toda la jornada festiva.&nbsp;<\/p>\n\n\n\n<p>La fiesta se mantuvo llena de entusiasmo gracias a la destacada actuaci\u00f3n del tecladista.<\/p>\n\n\n\n<p>El Ba\u00f1o de Santa Ana 2023 cont\u00f3 con la presencia de locales y visitantes, quienes se reunieron en centro de Boca del R\u00edo&nbsp;&nbsp;para celebrar esta tradicional festividad, enriquecida por la participaci\u00f3n activa de la comunidad.&nbsp;<\/p>\n\n\n\n<p>Adem\u00e1s de la m\u00fasica y el baile, la feria local ofreci\u00f3 una amplia variedad de platillos t\u00edpicos y artesan\u00edas, sumando a\u00fan m\u00e1s encanto a la experiencia festiva.<\/p>\n\n\n\n<p>Por la noche ser\u00e1 el tercer concierto en la Plaza C\u00edvica con la presencia de La Arrolladora Banda Lim\u00f3n.<\/p>\n","protected":false},"excerpt":{"rendered":"<p>Jes\u00fas Utrilla \/ NV Noticias En una celebraci\u00f3n llena de alegr\u00eda y tradici\u00f3n, se llev\u00f3 a cabo el esperado Ba\u00f1o de Santa Ana 2023 en el pintoresco municipio de Boca Del R\u00edo. Este evento anual, conocido por atraer a cientos de asistentes de la regi\u00f3n, se llev\u00f3 con gran \u00e9xito y participaci\u00f3n. El Ba\u00f1o de [&hellip;]<\/p>\n","protected":false},"author":8,"featured_media":115366,"comment_status":"open","ping_status":"open","sticky":false,"template":"","format":"standard","meta":{"_monsterinsights_skip_tracking":false,"_monsterinsights_sitenote_active":false,"_monsterinsights_sitenote_note":"","_monsterinsights_sitenote_category":0,"footnotes":""},"categories":[154],"tags":[26552,16368,162],"class_list":["post-115365","post","type-post","status-publish","format-standard","has-post-thumbnail","hentry","category-veracruz","tag-bano-de-santa-ana","tag-fiestas-de-santa-ana","tag-portada","wp-image-borders"],"amp_enabled":true,"_links":{"self":[{"href":"https:\/\/nvnoticias.mx\/index.php\/wp-json\/wp\/v2\/posts\/115365","targetHints":{"allow":["GET"]}}],"collection":[{"href":"https:\/\/nvnoticias.mx\/index.php\/wp-json\/wp\/v2\/posts"}],"about":[{"href":"https:\/\/nvnoticias.mx\/index.php\/wp-json\/wp\/v2\/types\/post"}],"author":[{"embeddable":true,"href":"https:\/\/nvnoticias.mx\/index.php\/wp-json\/wp\/v2\/users\/8"}],"replies":[{"embeddable":true,"href":"https:\/\/nvnoticias.mx\/index.php\/wp-json\/wp\/v2\/comments?post=115365"}],"version-history":[{"count":1,"href":"https:\/\/nvnoticias.mx\/index.php\/wp-json\/wp\/v2\/posts\/115365\/revisions"}],"predecessor-version":[{"id":115367,"href":"https:\/\/nvnoticias.mx\/index.php\/wp-json\/wp\/v2\/posts\/115365\/revisions\/115367"}],"wp:featuredmedia":[{"embeddable":true,"href":"https:\/\/nvnoticias.mx\/index.php\/wp-json\/wp\/v2\/media\/115366"}],"wp:attachment":[{"href":"https:\/\/nvnoticias.mx\/index.php\/wp-json\/wp\/v2\/media?parent=115365"}],"wp:term":[{"taxonomy":"category","embeddable":true,"href":"https:\/\/nvnoticias.mx\/index.php\/wp-json\/wp\/v2\/categories?post=115365"},{"taxonomy":"post_tag","embeddable":true,"href":"https:\/\/nvnoticias.mx\/index.php\/wp-json\/wp\/v2\/tags?post=115365"}],"curies":[{"name":"wp","href":"https:\/\/api.w.org\/{rel}","templated":true}]}}