{"id":115345,"date":"2023-07-29T11:17:33","date_gmt":"2023-07-29T16:17:33","guid":{"rendered":"https:\/\/nvnoticias.mx\/?p=115345"},"modified":"2023-07-29T11:17:34","modified_gmt":"2023-07-29T16:17:34","slug":"halcones-rojos-de-veracruz-anuncia-a-su-primer-jugador-para-la-temporada-2023","status":"publish","type":"post","link":"https:\/\/nvnoticias.mx\/index.php\/2023\/07\/29\/halcones-rojos-de-veracruz-anuncia-a-su-primer-jugador-para-la-temporada-2023\/","title":{"rendered":"Halcones Rojos de Veracruz anuncia a su primer jugador para la temporada 2023"},"content":{"rendered":"\n<p>Un viejo conocido de la afici\u00f3n veracruzana en la primera etapa de Halcones Rojos de Veracruz llega al puerto para vestirse de rojo y defender los colores para la Temporada 2023 de la Liga Sisnova LNBP.<\/p>\n\n\n\n<p>Se trata de Joaqu\u00edn Villanueva Lozano, quien en varias ocasiones estuviera en la duela del Auditorio \u201cBenito Ju\u00e1rez\u201d defendiendo los colores de Pioneros en los enfrentamientos ante Halcones Rojos.<\/p>\n\n\n\n<p>Proveniente de Rayos de Hermosillo en el Circuito de Basquetbol de la Costa del Pac\u00edfico (CIBACOPA), donde ya fue campe\u00f3n, el Centro ahora defender\u00e1 los colores de Halcones Rojos y su casa ser\u00e1 la duela que tantas veces pis\u00f3 enfundado en otra casaca.<\/p>\n\n\n\n<p>Con sus 2.08 de estatura y proveniente de Rayos de Hermosillo del Circuito de Basquetbol de la Costa del Pac\u00edfico (Cibacopa,), Villanueva Lozano ser\u00e1 todo un referente en la pintura de los Rojos y aportar\u00e1 poder en la defensa en esta temporada.<\/p>\n\n\n\n<p>Joaqu\u00edn Villanueva naci\u00f3 en la ciudad de M\u00e9xico el 10 de marzo de 1986 y adem\u00e1s de Pioneros de Quintana Roo, equipo con el que fue campe\u00f3n en el 2016, tambi\u00e9n ha militado en Pilares del Distrito Federal, equipo con el que debut\u00f3, Garzas Guerreras, Mineros de Zacatecas, Dorados de Chihuahua, todos de la LNBP, y en Cibacopa jug\u00f3 para Rayos de Hermosillo y para Caballeros de Culiac\u00e1n, entre otros.<\/p>\n\n\n\n<p>En al menos un par de ocasiones ha sido convocado a la Selecci\u00f3n Mexicana, como en el 2019 cuando convocado al clasificatorio rumbo al mundial a celebrarse en este a\u00f1o en China.<\/p>\n\n\n\n<figure class=\"wp-block-embed aligncenter is-type-rich is-provider-twitter wp-block-embed-twitter\"><div class=\"wp-block-embed__wrapper\">\n<blockquote class=\"twitter-tweet\" data-width=\"550\" data-dnt=\"true\"><p lang=\"es\" dir=\"ltr\">???? NUESTRO PRIMER JUGADOR ROJO????<br><br>BIENVENIDO JOAQU\u00cdN. ????????????<br><br>El primer integrante del regreso de nuestros <a href=\"https:\/\/twitter.com\/hashtag\/Rojos?src=hash&amp;ref_src=twsrc%5Etfw\">#Rojos<\/a> para esta temporada 2023.????????????<br><br>\u2611\ufe0f Power foward\/center.????<br>\u2611\ufe0f 2.08 mts. \u2b06\ufe0f<br>\u2611\ufe0f Mexicano. ????????<a href=\"https:\/\/twitter.com\/hashtag\/Pasi%C3%B3nRoja?src=hash&amp;ref_src=twsrc%5Etfw\">#Pasi\u00f3nRoja<\/a>\u26f9\ufe0f <a href=\"https:\/\/twitter.com\/hashtag\/VibraEnMiSer?src=hash&amp;ref_src=twsrc%5Etfw\">#VibraEnMiSer<\/a>???? <a href=\"https:\/\/t.co\/bGkQF6Dw8A\">pic.twitter.com\/bGkQF6Dw8A<\/a><\/p>&mdash; Halcones Rojos MX (@halconesrojosmx) <a href=\"https:\/\/twitter.com\/halconesrojosmx\/status\/1685058243763015680?ref_src=twsrc%5Etfw\">July 28, 2023<\/a><\/blockquote><script async src=\"https:\/\/platform.twitter.com\/widgets.js\" charset=\"utf-8\"><\/script>\n<\/div><\/figure>\n\n\n\n<p><\/p>\n","protected":false},"excerpt":{"rendered":"<p>Un viejo conocido de la afici\u00f3n veracruzana en la primera etapa de Halcones Rojos de Veracruz llega al puerto para vestirse de rojo y defender los colores para la Temporada 2023 de la Liga Sisnova LNBP. Se trata de Joaqu\u00edn Villanueva Lozano, quien en varias ocasiones estuviera en la duela del Auditorio \u201cBenito Ju\u00e1rez\u201d defendiendo [&hellip;]<\/p>\n","protected":false},"author":8,"featured_media":115346,"comment_status":"open","ping_status":"open","sticky":false,"template":"","format":"standard","meta":{"_monsterinsights_skip_tracking":false,"_monsterinsights_sitenote_active":false,"_monsterinsights_sitenote_note":"","_monsterinsights_sitenote_category":0,"footnotes":""},"categories":[159],"tags":[20539,26549],"class_list":["post-115345","post","type-post","status-publish","format-standard","has-post-thumbnail","hentry","category-deportes","tag-halcones-rojos-de-veracruz","tag-liga-sisnova-lnbp","wp-image-borders"],"amp_enabled":true,"_links":{"self":[{"href":"https:\/\/nvnoticias.mx\/index.php\/wp-json\/wp\/v2\/posts\/115345","targetHints":{"allow":["GET"]}}],"collection":[{"href":"https:\/\/nvnoticias.mx\/index.php\/wp-json\/wp\/v2\/posts"}],"about":[{"href":"https:\/\/nvnoticias.mx\/index.php\/wp-json\/wp\/v2\/types\/post"}],"author":[{"embeddable":true,"href":"https:\/\/nvnoticias.mx\/index.php\/wp-json\/wp\/v2\/users\/8"}],"replies":[{"embeddable":true,"href":"https:\/\/nvnoticias.mx\/index.php\/wp-json\/wp\/v2\/comments?post=115345"}],"version-history":[{"count":1,"href":"https:\/\/nvnoticias.mx\/index.php\/wp-json\/wp\/v2\/posts\/115345\/revisions"}],"predecessor-version":[{"id":115347,"href":"https:\/\/nvnoticias.mx\/index.php\/wp-json\/wp\/v2\/posts\/115345\/revisions\/115347"}],"wp:featuredmedia":[{"embeddable":true,"href":"https:\/\/nvnoticias.mx\/index.php\/wp-json\/wp\/v2\/media\/115346"}],"wp:attachment":[{"href":"https:\/\/nvnoticias.mx\/index.php\/wp-json\/wp\/v2\/media?parent=115345"}],"wp:term":[{"taxonomy":"category","embeddable":true,"href":"https:\/\/nvnoticias.mx\/index.php\/wp-json\/wp\/v2\/categories?post=115345"},{"taxonomy":"post_tag","embeddable":true,"href":"https:\/\/nvnoticias.mx\/index.php\/wp-json\/wp\/v2\/tags?post=115345"}],"curies":[{"name":"wp","href":"https:\/\/api.w.org\/{rel}","templated":true}]}}