{"id":115317,"date":"2023-07-28T18:50:41","date_gmt":"2023-07-28T23:50:41","guid":{"rendered":"https:\/\/nvnoticias.mx\/?p=115317"},"modified":"2023-07-28T18:50:42","modified_gmt":"2023-07-28T23:50:42","slug":"toma-de-protesta-del-consejo-directivo-2023-2024-de-usem-veracruz","status":"publish","type":"post","link":"https:\/\/nvnoticias.mx\/index.php\/2023\/07\/28\/toma-de-protesta-del-consejo-directivo-2023-2024-de-usem-veracruz\/","title":{"rendered":"Toma de Protesta del Consejo Directivo 2023-2024 de USEM Veracruz"},"content":{"rendered":"\n<p><strong>Jes\u00fas Utrilla \/ NV Noticias <\/strong><\/p>\n\n\n\n<p>Se llev\u00f3 a cabo la &#8220;Toma de Protesta del Consejo Directivo 2023-2024 de USEM Veracruz&#8221;, en la que destacados l\u00edderes y representantes de Organismos Asistenciales asumieron sus cargos.<\/p>\n\n\n\n<p>Ana Mar\u00eda Macias Ju\u00e1rez, Presidenta de USEM Veracruz, agradeci\u00f3 a los miembros del consejo por su valiosa contribuci\u00f3n y franqueza en sus acciones.<\/p>\n\n\n\n<p>El consejo qued\u00f3 conformado por destacadas figuras, entre ellas la Lic. Iliana Le\u00f3n Huesca de Organismos Asistenciales, quien expres\u00f3 su gratitud y honor al pertenecer al consejo. <\/p>\n\n\n\n<p>Durante el evento, se recibi\u00f3 un inspirador mensaje del Papa Francisco desde Roma, instando a los miembros a trabajar por una sociedad m\u00e1s justa y ofrecer lo mejor de s\u00ed mismos.<\/p>\n\n\n\n<p>El enfoque del consejo para el per\u00edodo 2023-2024 ser\u00e1 trabajar en pro de empresas altamente productivas, plenamente humanas y socialmente responsables, con el objetivo de contribuir positivamente al desarrollo de la comunidad.<\/p>\n\n\n\n<p>Con entusiasmo y compromiso, el Consejo Directivo de USEM Veracruz se dispone a enfrentar los desaf\u00edos que se presenten, buscando siempre el beneficio y bienestar de la sociedad.<\/p>\n","protected":false},"excerpt":{"rendered":"<p>Jes\u00fas Utrilla \/ NV Noticias Se llev\u00f3 a cabo la &#8220;Toma de Protesta del Consejo Directivo 2023-2024 de USEM Veracruz&#8221;, en la que destacados l\u00edderes y representantes de Organismos Asistenciales asumieron sus cargos. Ana Mar\u00eda Macias Ju\u00e1rez, Presidenta de USEM Veracruz, agradeci\u00f3 a los miembros del consejo por su valiosa contribuci\u00f3n y franqueza en sus [&hellip;]<\/p>\n","protected":false},"author":8,"featured_media":115318,"comment_status":"open","ping_status":"open","sticky":false,"template":"","format":"standard","meta":{"_monsterinsights_skip_tracking":false,"_monsterinsights_sitenote_active":false,"_monsterinsights_sitenote_note":"","_monsterinsights_sitenote_category":0,"footnotes":""},"categories":[154],"tags":[25180,11810,2684],"class_list":["post-115317","post","type-post","status-publish","format-standard","has-post-thumbnail","hentry","category-veracruz","tag-consejo-directivo","tag-toma-de-protesta","tag-usem-veracruz","wp-image-borders"],"amp_enabled":true,"_links":{"self":[{"href":"https:\/\/nvnoticias.mx\/index.php\/wp-json\/wp\/v2\/posts\/115317","targetHints":{"allow":["GET"]}}],"collection":[{"href":"https:\/\/nvnoticias.mx\/index.php\/wp-json\/wp\/v2\/posts"}],"about":[{"href":"https:\/\/nvnoticias.mx\/index.php\/wp-json\/wp\/v2\/types\/post"}],"author":[{"embeddable":true,"href":"https:\/\/nvnoticias.mx\/index.php\/wp-json\/wp\/v2\/users\/8"}],"replies":[{"embeddable":true,"href":"https:\/\/nvnoticias.mx\/index.php\/wp-json\/wp\/v2\/comments?post=115317"}],"version-history":[{"count":1,"href":"https:\/\/nvnoticias.mx\/index.php\/wp-json\/wp\/v2\/posts\/115317\/revisions"}],"predecessor-version":[{"id":115319,"href":"https:\/\/nvnoticias.mx\/index.php\/wp-json\/wp\/v2\/posts\/115317\/revisions\/115319"}],"wp:featuredmedia":[{"embeddable":true,"href":"https:\/\/nvnoticias.mx\/index.php\/wp-json\/wp\/v2\/media\/115318"}],"wp:attachment":[{"href":"https:\/\/nvnoticias.mx\/index.php\/wp-json\/wp\/v2\/media?parent=115317"}],"wp:term":[{"taxonomy":"category","embeddable":true,"href":"https:\/\/nvnoticias.mx\/index.php\/wp-json\/wp\/v2\/categories?post=115317"},{"taxonomy":"post_tag","embeddable":true,"href":"https:\/\/nvnoticias.mx\/index.php\/wp-json\/wp\/v2\/tags?post=115317"}],"curies":[{"name":"wp","href":"https:\/\/api.w.org\/{rel}","templated":true}]}}