{"id":115244,"date":"2023-07-28T13:30:48","date_gmt":"2023-07-28T18:30:48","guid":{"rendered":"https:\/\/nvnoticias.mx\/?p=115244"},"modified":"2023-07-28T13:30:50","modified_gmt":"2023-07-28T18:30:50","slug":"menor-internada-en-el-imss-no-ha-sido-operada-por-falta-de-insumos","status":"publish","type":"post","link":"https:\/\/nvnoticias.mx\/index.php\/2023\/07\/28\/menor-internada-en-el-imss-no-ha-sido-operada-por-falta-de-insumos\/","title":{"rendered":"Menor internada en el IMSS no ha sido operada por falta de insumos"},"content":{"rendered":"\n<p><strong>Jes\u00fas Utrilla \/ NV Noticias <\/strong><\/p>\n\n\n\n<p>Veracruz, Ver. Familiares de la menor Ana Sof\u00eda P\u00e9rez Ruiz, de 6 a\u00f1os de edad, solicitaron el apoyo, ya que la peque\u00f1a se encuentra internada desde el s\u00e1bado 22 de julio y a\u00fan no le asignan un cirujano pedi\u00e1tra en el IMSS de Veracruz.<\/p>\n\n\n\n<p>Su pap\u00e1 Alejandro P\u00e9rez, dijo que su estado de salud es delicado pues est\u00e1 intubada, debido a una neomun\u00eda bacteriana.<\/p>\n\n\n\n<p>Reconoci\u00f3 que la atenci\u00f3n de los m\u00e9dicos y enfermeras es bueno pero las cl\u00ednicas carecen de insumos y material m\u00e9dico por lo cual no han podido realizar la cirug\u00eda.<\/p>\n\n\n\n<blockquote class=\"wp-block-quote is-layout-flow wp-block-quote-is-layout-flow\"><p><em>\u201cSi las autoridades del instituto no quieren responder y darnos una soluci\u00f3n adecuada vamos a tomar la avenida. Por que esperar a que eleve la situaci\u00f3n. Ella est\u00e1 internada desde el s\u00e1bado y aqu\u00ed la pasaron ayer despu\u00e9s de estar haciendo tanta presi\u00f3n porque todo estaba detenido\u201d.<\/em><\/p><\/blockquote>\n\n\n\n<p>Hace semana y media su estado de salud comenz\u00f3 a complicarse. A pesar de diversos diagn\u00f3sticos que indicaban que se encontraba bien se le detect\u00f3 neumon\u00eda bacteriana.<\/p>\n\n\n\n<p>La cirug\u00eda estaba programada para el jueves pero no se llev\u00f3 a cabo. Incluso estuvo primero en la Cl\u00ednica 71 del IMSS pero la trasladaron a Cuauht\u00e9moc porque all\u00e1 no la pod\u00edan atender.<\/p>\n\n\n\n<blockquote class=\"wp-block-quote is-layout-flow wp-block-quote-is-layout-flow\"><p><em>\u201cLos m\u00e9dicos la tuvieron que trasladar porque por todo eso que no se pudo dar en la cl\u00ednica 71 la tuvieron que trasladar y aqu\u00ed est\u00e1 igual. Requiere esa cirug\u00eda. Es mi ni\u00f1a y voy a hacer lo que sea necesario por su vida\u201d. <\/em><\/p><\/blockquote>\n\n\n\n<p>Urgieron a que el IMSS realice la cirug\u00eda a la menor pues su vida est\u00e1 en riesgo. <\/p>\n","protected":false},"excerpt":{"rendered":"<p>Jes\u00fas Utrilla \/ NV Noticias Veracruz, Ver. Familiares de la menor Ana Sof\u00eda P\u00e9rez Ruiz, de 6 a\u00f1os de edad, solicitaron el apoyo, ya que la peque\u00f1a se encuentra internada desde el s\u00e1bado 22 de julio y a\u00fan no le asignan un cirujano pedi\u00e1tra en el IMSS de Veracruz. Su pap\u00e1 Alejandro P\u00e9rez, dijo que [&hellip;]<\/p>\n","protected":false},"author":8,"featured_media":115247,"comment_status":"open","ping_status":"open","sticky":false,"template":"","format":"standard","meta":{"_monsterinsights_skip_tracking":false,"_monsterinsights_sitenote_active":false,"_monsterinsights_sitenote_note":"","_monsterinsights_sitenote_category":0,"footnotes":""},"categories":[154],"tags":[3296,365],"class_list":["post-115244","post","type-post","status-publish","format-standard","has-post-thumbnail","hentry","category-veracruz","tag-cirugia","tag-imss","wp-image-borders"],"amp_enabled":true,"_links":{"self":[{"href":"https:\/\/nvnoticias.mx\/index.php\/wp-json\/wp\/v2\/posts\/115244","targetHints":{"allow":["GET"]}}],"collection":[{"href":"https:\/\/nvnoticias.mx\/index.php\/wp-json\/wp\/v2\/posts"}],"about":[{"href":"https:\/\/nvnoticias.mx\/index.php\/wp-json\/wp\/v2\/types\/post"}],"author":[{"embeddable":true,"href":"https:\/\/nvnoticias.mx\/index.php\/wp-json\/wp\/v2\/users\/8"}],"replies":[{"embeddable":true,"href":"https:\/\/nvnoticias.mx\/index.php\/wp-json\/wp\/v2\/comments?post=115244"}],"version-history":[{"count":1,"href":"https:\/\/nvnoticias.mx\/index.php\/wp-json\/wp\/v2\/posts\/115244\/revisions"}],"predecessor-version":[{"id":115248,"href":"https:\/\/nvnoticias.mx\/index.php\/wp-json\/wp\/v2\/posts\/115244\/revisions\/115248"}],"wp:featuredmedia":[{"embeddable":true,"href":"https:\/\/nvnoticias.mx\/index.php\/wp-json\/wp\/v2\/media\/115247"}],"wp:attachment":[{"href":"https:\/\/nvnoticias.mx\/index.php\/wp-json\/wp\/v2\/media?parent=115244"}],"wp:term":[{"taxonomy":"category","embeddable":true,"href":"https:\/\/nvnoticias.mx\/index.php\/wp-json\/wp\/v2\/categories?post=115244"},{"taxonomy":"post_tag","embeddable":true,"href":"https:\/\/nvnoticias.mx\/index.php\/wp-json\/wp\/v2\/tags?post=115244"}],"curies":[{"name":"wp","href":"https:\/\/api.w.org\/{rel}","templated":true}]}}