{"id":1152,"date":"2021-01-14T14:59:24","date_gmt":"2021-01-14T20:59:24","guid":{"rendered":"https:\/\/nvnoticias.mx\/?p=1152"},"modified":"2021-01-14T15:01:21","modified_gmt":"2021-01-14T21:01:21","slug":"cenizas-del-padre-victor-estaran-en-la-catedral-para-que-feligreses-se-despidan","status":"publish","type":"post","link":"https:\/\/nvnoticias.mx\/index.php\/2021\/01\/14\/cenizas-del-padre-victor-estaran-en-la-catedral-para-que-feligreses-se-despidan\/","title":{"rendered":"Cenizas del padre V\u00edctor estar\u00e1n en la Catedral para que feligreses se despidan"},"content":{"rendered":"\n<p><strong>Jes\u00fas Utrilla \/ NV Noticias<\/strong><\/p>\n\n\n\n<p>Las cenizas del padre V\u00edctor Manuel D\u00edaz Mendoza llegaron a la Catedral de Veracruz para que los feligreses se despidan.<\/p>\n\n\n\n<p>El obispo Carlos Brise\u00f1o Arch se\u00f1al\u00f3 que no se permitir\u00e1n aglomeraciones por lo que sugiri\u00f3, que por salud, se sigan las misas a trav\u00e9s de las redes sociales.<\/p>\n\n\n\n<p>Dijo que el padre V\u00edctor dej\u00f3 muchas cosas buenas, fue ejemplo de un buen sacerdote y gener\u00f3 una huella grande en la sociedad.<\/p>\n\n\n\n<p>Agreg\u00f3 que si realmente hubo afect\u00f3 hacia \u00e9l se deben recordar las cosas buenas y seguir el buen ejemplo que dej\u00f3 el p\u00e1rroco.<\/p>\n\n\n\n<p>Afirm\u00f3 que seguir\u00e1n los proyectos de rescate de la Catedral, el contacto con medios y la labor general que venia desarrollando.<\/p>\n\n\n\n<p>La pandemia no es un juego y siguen las consecuencias de no cuidarnos, pues todas las personas pueden contagiarse.<\/p>\n\n\n\n<blockquote class=\"wp-block-quote is-layout-flow wp-block-quote-is-layout-flow\"><p>\u201cNo es que nos cuidemos de las personas sino de la enfermedad. Todos tenemos que cuidarnos. Hay que tener cierta disciplina al interior de la casa con las personas con las que convivimos\u201d.<\/p><\/blockquote>\n\n\n\n<p>Afirm\u00f3 que la iglesia sigue los lineamientos establecidos por el sector salud, sin embargo, el fallecimiento de una persona pone en alerta a los dem\u00e1s.<\/p>\n\n\n\n<blockquote class=\"wp-block-quote is-layout-flow wp-block-quote-is-layout-flow\"><p>\u201cEl padre V\u00edctor fue una persona incondicional que me apoy\u00f3 en todo. Siempre estuvo al frente de la Di\u00f3cesis en la que tuvo un papel muy importante porque siempre estuvo al lado de los cuatro obispos de esta Di\u00f3cesis\u201d.<\/p><\/blockquote>\n\n\n\n<p><\/p>\n","protected":false},"excerpt":{"rendered":"<p>Jes\u00fas Utrilla \/ NV Noticias Las cenizas del padre V\u00edctor Manuel D\u00edaz Mendoza llegaron a la Catedral de Veracruz para que los feligreses se despidan. El obispo Carlos Brise\u00f1o Arch se\u00f1al\u00f3 que no se permitir\u00e1n aglomeraciones por lo que sugiri\u00f3, que por salud, se sigan las misas a trav\u00e9s de las redes sociales. Dijo que [&hellip;]<\/p>\n","protected":false},"author":6,"featured_media":1155,"comment_status":"open","ping_status":"open","sticky":false,"template":"","format":"standard","meta":{"_monsterinsights_skip_tracking":false,"_monsterinsights_sitenote_active":false,"_monsterinsights_sitenote_note":"","_monsterinsights_sitenote_category":0,"footnotes":""},"categories":[154],"tags":[396,371,162],"class_list":["post-1152","post","type-post","status-publish","format-standard","has-post-thumbnail","hentry","category-veracruz","tag-cenizas","tag-padre-victor-diaz","tag-portada","wp-image-borders"],"amp_enabled":true,"_links":{"self":[{"href":"https:\/\/nvnoticias.mx\/index.php\/wp-json\/wp\/v2\/posts\/1152","targetHints":{"allow":["GET"]}}],"collection":[{"href":"https:\/\/nvnoticias.mx\/index.php\/wp-json\/wp\/v2\/posts"}],"about":[{"href":"https:\/\/nvnoticias.mx\/index.php\/wp-json\/wp\/v2\/types\/post"}],"author":[{"embeddable":true,"href":"https:\/\/nvnoticias.mx\/index.php\/wp-json\/wp\/v2\/users\/6"}],"replies":[{"embeddable":true,"href":"https:\/\/nvnoticias.mx\/index.php\/wp-json\/wp\/v2\/comments?post=1152"}],"version-history":[{"count":1,"href":"https:\/\/nvnoticias.mx\/index.php\/wp-json\/wp\/v2\/posts\/1152\/revisions"}],"predecessor-version":[{"id":1154,"href":"https:\/\/nvnoticias.mx\/index.php\/wp-json\/wp\/v2\/posts\/1152\/revisions\/1154"}],"wp:featuredmedia":[{"embeddable":true,"href":"https:\/\/nvnoticias.mx\/index.php\/wp-json\/wp\/v2\/media\/1155"}],"wp:attachment":[{"href":"https:\/\/nvnoticias.mx\/index.php\/wp-json\/wp\/v2\/media?parent=1152"}],"wp:term":[{"taxonomy":"category","embeddable":true,"href":"https:\/\/nvnoticias.mx\/index.php\/wp-json\/wp\/v2\/categories?post=1152"},{"taxonomy":"post_tag","embeddable":true,"href":"https:\/\/nvnoticias.mx\/index.php\/wp-json\/wp\/v2\/tags?post=1152"}],"curies":[{"name":"wp","href":"https:\/\/api.w.org\/{rel}","templated":true}]}}