{"id":115197,"date":"2023-07-28T10:51:22","date_gmt":"2023-07-28T15:51:22","guid":{"rendered":"https:\/\/nvnoticias.mx\/?p=115197"},"modified":"2023-07-28T10:51:23","modified_gmt":"2023-07-28T15:51:23","slug":"se-pronuncia-imss-sobre-caida-de-un-elevador-en-el-hospital-46-de-guadalajara","status":"publish","type":"post","link":"https:\/\/nvnoticias.mx\/index.php\/2023\/07\/28\/se-pronuncia-imss-sobre-caida-de-un-elevador-en-el-hospital-46-de-guadalajara\/","title":{"rendered":"Se pronuncia IMSS sobre ca\u00edda de un elevador en el Hospital 46 de Guadalajara"},"content":{"rendered":"\n<p>Un nuevo caso de la falta de mantenimiento a los elevadores de los hospitales del&nbsp;<strong>Instituto Mexicano del Seguro Social&nbsp;<\/strong>(<strong>IMSS<\/strong>) se dio a conocer la noche de este jueves 27 de julio. A trav\u00e9s de redes sociales un usuario report\u00f3 que un&nbsp;<strong>elevador&nbsp;<\/strong>del<strong>&nbsp;Hospital General Regional 46&nbsp;<\/strong>del IMSS en&nbsp;<strong>Guadalajara<\/strong>, Jalisco, se desplom\u00f3.<\/p>\n\n\n\n<p>De acuerdo con diferentes testigos que presenciaron los hechos detallaron que al menos&nbsp;<strong>ocho personas<\/strong>&nbsp;quedaron atrapadas al momento que el elevador dej\u00f3 de operar. Aunque hasta el momento no se conocen cu\u00e1les fueron las causas del incidente, se detall\u00f3 que s\u00ed hab\u00eda personas a bordo cuando ocurri\u00f3 la falla.<\/p>\n\n\n\n<p>El elevador transitaba entre los pisos 9 y 10 de la cl\u00ednica, as\u00ed que en cuanto se desplom\u00f3 se activaron los sistemas de emergencia. A diferencia de lo ocurrido en Quintana Roo \u2014donde muri\u00f3 una ni\u00f1a de 6 a\u00f1os\u2014 las personas a bordo del elevador no resultaron heridas.<\/p>\n\n\n\n<p>Personal del IMSS se acerc\u00f3 al lugar para liberar a quienes estaban atrapados y pudieron salir sin ning\u00fan inconveniente; el rescate de las personas se dio antes de que llegaran los cuerpos de emergencia del estado de Jalisco, as\u00ed que en cuanto lleg\u00f3 personal de Protecci\u00f3n Civil \u00fanicamente<strong>\u00a0clausuraron el elevador<\/strong>.<\/p>\n\n\n\n<p>Seg\u00fan el relato de la persona que vio el suceso explic\u00f3 que en cuanto se desplom\u00f3 el elevador, parte del piso en el que cay\u00f3 el elevador se abri\u00f3 por el impacto.<\/p>\n\n\n\n<blockquote class=\"wp-block-quote is-layout-flow wp-block-quote-is-layout-flow\"><p>\u201cEstoy en el Hospital 46 del IMSS Guadalajara, un elevador se cay\u00f3 y se abri\u00f3 un piso. Les adjunto los videos; tuvieron que sacar a los pacientes algunos por el agujero y otros por el elevador, por las puertas\u201d, narr\u00f3 en un video.<\/p><\/blockquote>\n\n\n\n<p><strong>La cuenta oficial del IMSS\u00a0<\/strong>en Twitter respondi\u00f3 a la denuncia que realiz\u00f3 el testigo, asegur\u00f3 que se le dar\u00eda atenci\u00f3n a su solicitud. M\u00e1s tarde, emiti\u00f3 una tarjeta informativa en la que comparti\u00f3 mayores detalles de lo ocurrido. Confirm\u00f3 que fueron ocho personas las que quedaron atrapadas por un lapso de 10 minutos; seis eran derechohabientes y dos eran trabajadores. Tambi\u00e9n expusieron que hab\u00eda una camilla en el elevador. Ninguno result\u00f3 herido.<\/p>\n\n\n\n<p>A\u00f1adi\u00f3 que se llevaron a cabo todos los protocolos de seguridad correspondientes. Incluso las personas que quedaron atrapadas llamaron al 911 para ser rescatadas.<\/p>\n\n\n\n<p><strong>La instituci\u00f3n p\u00fablica precis\u00f3 que las personas salieron por su propia cuenta<\/strong>, no esperaron al arribo de los cuerpos de emergencia, ya que forzaron la puerta para salir \u201cAl momento en que suspendi\u00f3 la operaci\u00f3n del elevador, personal del hospital activ\u00f3 los protocolos y marc\u00f3 a Protecci\u00f3n Civil para reportar el evento.<\/p>\n\n\n\n<p>A la par, las personas retenidas en el elevador marcaron al 911 y forzaron la puerta para salir del mismo a trav\u00e9s del plaf\u00f3n, ya que el elevador se hab\u00eda detenido en un entre piso\u201d, se puede leer en el comunicado oficial.<\/p>\n\n\n\n<p>Fuente: <a href=\"https:\/\/www.infobae.com\/mexico\/2023\/07\/28\/reportan-caida-de-un-elevador-en-el-hospital-46-del-imss-guadalajara\/\" data-type=\"URL\" data-id=\"https:\/\/www.infobae.com\/mexico\/2023\/07\/28\/reportan-caida-de-un-elevador-en-el-hospital-46-del-imss-guadalajara\/\">Infobae<\/a><\/p>\n","protected":false},"excerpt":{"rendered":"<p>Un nuevo caso de la falta de mantenimiento a los elevadores de los hospitales del&nbsp;Instituto Mexicano del Seguro Social&nbsp;(IMSS) se dio a conocer la noche de este jueves 27 de julio. A trav\u00e9s de redes sociales un usuario report\u00f3 que un&nbsp;elevador&nbsp;del&nbsp;Hospital General Regional 46&nbsp;del IMSS en&nbsp;Guadalajara, Jalisco, se desplom\u00f3. De acuerdo con diferentes testigos que [&hellip;]<\/p>\n","protected":false},"author":35,"featured_media":115200,"comment_status":"open","ping_status":"open","sticky":false,"template":"","format":"standard","meta":{"_monsterinsights_skip_tracking":false,"_monsterinsights_sitenote_active":false,"_monsterinsights_sitenote_note":"","_monsterinsights_sitenote_category":0,"footnotes":""},"categories":[157],"tags":[892,24680,2104,26529,365,21118],"class_list":["post-115197","post","type-post","status-publish","format-standard","has-post-thumbnail","hentry","category-nacional","tag-caida","tag-elevador","tag-guadalajara","tag-hospital-46","tag-imss","tag-se-pronuncia","wp-image-borders"],"amp_enabled":true,"_links":{"self":[{"href":"https:\/\/nvnoticias.mx\/index.php\/wp-json\/wp\/v2\/posts\/115197","targetHints":{"allow":["GET"]}}],"collection":[{"href":"https:\/\/nvnoticias.mx\/index.php\/wp-json\/wp\/v2\/posts"}],"about":[{"href":"https:\/\/nvnoticias.mx\/index.php\/wp-json\/wp\/v2\/types\/post"}],"author":[{"embeddable":true,"href":"https:\/\/nvnoticias.mx\/index.php\/wp-json\/wp\/v2\/users\/35"}],"replies":[{"embeddable":true,"href":"https:\/\/nvnoticias.mx\/index.php\/wp-json\/wp\/v2\/comments?post=115197"}],"version-history":[{"count":8,"href":"https:\/\/nvnoticias.mx\/index.php\/wp-json\/wp\/v2\/posts\/115197\/revisions"}],"predecessor-version":[{"id":115206,"href":"https:\/\/nvnoticias.mx\/index.php\/wp-json\/wp\/v2\/posts\/115197\/revisions\/115206"}],"wp:featuredmedia":[{"embeddable":true,"href":"https:\/\/nvnoticias.mx\/index.php\/wp-json\/wp\/v2\/media\/115200"}],"wp:attachment":[{"href":"https:\/\/nvnoticias.mx\/index.php\/wp-json\/wp\/v2\/media?parent=115197"}],"wp:term":[{"taxonomy":"category","embeddable":true,"href":"https:\/\/nvnoticias.mx\/index.php\/wp-json\/wp\/v2\/categories?post=115197"},{"taxonomy":"post_tag","embeddable":true,"href":"https:\/\/nvnoticias.mx\/index.php\/wp-json\/wp\/v2\/tags?post=115197"}],"curies":[{"name":"wp","href":"https:\/\/api.w.org\/{rel}","templated":true}]}}