{"id":115097,"date":"2023-07-27T12:49:12","date_gmt":"2023-07-27T17:49:12","guid":{"rendered":"https:\/\/nvnoticias.mx\/?p=115097"},"modified":"2023-07-27T12:49:13","modified_gmt":"2023-07-27T17:49:13","slug":"lanzan-en-boca-del-rio-el-programa-jalamos-juntos-por-veracruz-jesus-utrilla","status":"publish","type":"post","link":"https:\/\/nvnoticias.mx\/index.php\/2023\/07\/27\/lanzan-en-boca-del-rio-el-programa-jalamos-juntos-por-veracruz-jesus-utrilla\/","title":{"rendered":"Lanzan en Boca del R\u00edo el programa Jalamos Juntos por Veracruz Jes\u00fas Utrilla"},"content":{"rendered":"\n<p><strong>Jes\u00fas Utrilla \/ NV Noticias <\/strong><\/p>\n\n\n\n<p>Veracruz, Ver. En un esfuerzo por promover el bienestar y el desarrollo de Veracruz, pusieron en marcha la iniciativa &#8220;Jalamos Juntos por Veracruz&#8221;. <\/p>\n\n\n\n<p>Es una comunidad unida que se propuso difundir las buenas pr\u00e1cticas en beneficio de la sociedad, al mismo tiempo que fortalece el sentido de orgullo veracruzano entre sus habitantes, se\u00f1al\u00f3  Federico Ricarde, director de Comunicaci\u00f3n.<\/p>\n\n\n\n<p>Record\u00f3 que la iniciativa tuvo sus ra\u00edces hace a\u00f1o y medio en la ciudad de C\u00f3rdoba. <\/p>\n\n\n\n<p>Tras comprobar su efectividad, el programa ha decidido extenderse por todo el estado de Veracruz. <\/p>\n\n\n\n<p>Como primer paso, se ha dado a conocer el esquema en la zona conurbada Veracruz-Boca del R\u00edo, con el firme prop\u00f3sito de expandirse a cada rinc\u00f3n del territorio veracruzano.<\/p>\n\n\n\n<p>La premisa fundamental de &#8220;Jalamos Juntos por Veracruz&#8221; es solo a trav\u00e9s de la colaboraci\u00f3n y la uni\u00f3n de esfuerzos es posible alcanzar un desarrollo social y econ\u00f3mico que beneficie a todos los ciudadanos. <\/p>\n\n\n\n<p>El trabajo en equipo y la direcci\u00f3n compartida son la clave para alcanzar las metas que se han propuesto.<\/p>\n\n\n\n<p>El programa se centra en la comunicaci\u00f3n de las buenas acciones y busca contagiarlas a toda la sociedad. <\/p>\n\n\n\n<p>La intenci\u00f3n es crear un efecto multiplicador, de modo que las buenas pr\u00e1cticas sean replicadas y compartidas, involucrando a cada vez m\u00e1s personas en este noble prop\u00f3sito.<\/p>\n\n\n\n<p>La comunidad de &#8220;Jalamos Juntos por Veracruz&#8221; busca identificar y destacar todas las buenas acciones que ya se llevan a cabo en la comunidad, pero que a menudo pasan desapercibidas. <\/p>\n\n\n\n<p>El poder de la comunicaci\u00f3n es esencial para difundir estas historias inspiradoras y motivar a otros a sumarse a esta ola de generosidad y colaboraci\u00f3n.<\/p>\n\n\n\n<p>Se enmarca en un contexto de comunicaci\u00f3n social participativa, sin ning\u00fan inter\u00e9s pol\u00edtico o de lucro. <\/p>\n\n\n\n<p>Empresarios, asociaciones civiles, universidades y personas en general se han unido para crear una comunidad local, fuerte y unida, fomentando el \u00e1nimo social y promoviendo el sentido de orgullo veracruzano.<\/p>\n\n\n\n<p>Es importante destacar que &#8220;Jalamos Juntos por Veracruz&#8221; es independiente de cualquier autoridad municipal, estatal o federal. <\/p>\n\n\n\n<p>No busca fines pol\u00edticos ni persigue intereses personales, sino que se fundamenta en el deseo genuino de promover el bienestar y el progreso de la regi\u00f3n.<\/p>\n","protected":false},"excerpt":{"rendered":"<p>Jes\u00fas Utrilla \/ NV Noticias Veracruz, Ver. En un esfuerzo por promover el bienestar y el desarrollo de Veracruz, pusieron en marcha la iniciativa &#8220;Jalamos Juntos por Veracruz&#8221;. Es una comunidad unida que se propuso difundir las buenas pr\u00e1cticas en beneficio de la sociedad, al mismo tiempo que fortalece el sentido de orgullo veracruzano entre [&hellip;]<\/p>\n","protected":false},"author":8,"featured_media":115098,"comment_status":"open","ping_status":"open","sticky":false,"template":"","format":"standard","meta":{"_monsterinsights_skip_tracking":false,"_monsterinsights_sitenote_active":false,"_monsterinsights_sitenote_note":"","_monsterinsights_sitenote_category":0,"footnotes":""},"categories":[154],"tags":[6835,26518],"class_list":["post-115097","post","type-post","status-publish","format-standard","has-post-thumbnail","hentry","category-veracruz","tag-bienestar","tag-jalamos-juntos-por-veracruz","wp-image-borders"],"amp_enabled":true,"_links":{"self":[{"href":"https:\/\/nvnoticias.mx\/index.php\/wp-json\/wp\/v2\/posts\/115097","targetHints":{"allow":["GET"]}}],"collection":[{"href":"https:\/\/nvnoticias.mx\/index.php\/wp-json\/wp\/v2\/posts"}],"about":[{"href":"https:\/\/nvnoticias.mx\/index.php\/wp-json\/wp\/v2\/types\/post"}],"author":[{"embeddable":true,"href":"https:\/\/nvnoticias.mx\/index.php\/wp-json\/wp\/v2\/users\/8"}],"replies":[{"embeddable":true,"href":"https:\/\/nvnoticias.mx\/index.php\/wp-json\/wp\/v2\/comments?post=115097"}],"version-history":[{"count":1,"href":"https:\/\/nvnoticias.mx\/index.php\/wp-json\/wp\/v2\/posts\/115097\/revisions"}],"predecessor-version":[{"id":115099,"href":"https:\/\/nvnoticias.mx\/index.php\/wp-json\/wp\/v2\/posts\/115097\/revisions\/115099"}],"wp:featuredmedia":[{"embeddable":true,"href":"https:\/\/nvnoticias.mx\/index.php\/wp-json\/wp\/v2\/media\/115098"}],"wp:attachment":[{"href":"https:\/\/nvnoticias.mx\/index.php\/wp-json\/wp\/v2\/media?parent=115097"}],"wp:term":[{"taxonomy":"category","embeddable":true,"href":"https:\/\/nvnoticias.mx\/index.php\/wp-json\/wp\/v2\/categories?post=115097"},{"taxonomy":"post_tag","embeddable":true,"href":"https:\/\/nvnoticias.mx\/index.php\/wp-json\/wp\/v2\/tags?post=115097"}],"curies":[{"name":"wp","href":"https:\/\/api.w.org\/{rel}","templated":true}]}}