{"id":115091,"date":"2023-07-27T12:29:09","date_gmt":"2023-07-27T17:29:09","guid":{"rendered":"https:\/\/nvnoticias.mx\/?p=115091"},"modified":"2023-07-27T12:29:11","modified_gmt":"2023-07-27T17:29:11","slug":"julio-establece-record-como-el-mes-mas-caluroso-de-la-historia-omm","status":"publish","type":"post","link":"https:\/\/nvnoticias.mx\/index.php\/2023\/07\/27\/julio-establece-record-como-el-mes-mas-caluroso-de-la-historia-omm\/","title":{"rendered":"Julio establece r\u00e9cord como el mes m\u00e1s caluroso de la historia: OMM"},"content":{"rendered":"\n<p>Este julio ha sido el mes m\u00e1s caluroso a nivel global desde que se tienen registros, con una temperatura promedio de 16.95\u00ba C, advirti\u00f3 hoy la Organizaci\u00f3n Meteorol\u00f3gica Mundial (OMM) tras recibir los datos provisionales del Servicio de Cambio Clim\u00e1tico Cop\u00e9rnico de la Uni\u00f3n Europea.<\/p>\n\n\n\n<p>El 6 de julio fue adem\u00e1s el d\u00eda m\u00e1s caluroso nunca antes registrado, con una temperatura media de 17.08 grados, pero no s\u00f3lo esa jornada, sino todas las transcurridas entre el 3 y el 23 de julio, batieron el r\u00e9cord anterior, que era de 16.8 grados, medido el 13 de agosto de 2016.<\/p>\n\n\n\n<p>La media mensual de 16.95 grados, elaborada con los datos de los 23 primeros d\u00edas de julio (Cop\u00e9rnico publicar\u00e1 el dato definitivo del mes el 8 de agosto), supera con creces al anterior r\u00e9cord para un mes, que hasta ahora eran 16.63 grados en julio de 2019.<\/p>\n\n\n\n<p>Los episodios de calor y sequ\u00eda extrema aumentar\u00e1n en las pr\u00f3ximas d\u00e9cadas en el planeta en todos los posibles escenarios futuros de emisiones, pero los aumentos m\u00e1s significativos se producir\u00e1n en los supuestos de mayor volumen de contaminaci\u00f3n, en los que no se hayan aplicado pol\u00edticas clim\u00e1ticas.&nbsp;<\/p>\n\n\n\n<p>Investigadores utilizaron modelos clim\u00e1ticos de \u00faltima generaci\u00f3n y analizaron cuatro escenarios de emisiones entre 1950 y 2100 para evaluar c\u00f3mo se espera que cambien los fen\u00f3menos extremadamente c\u00e1lidos, secos y los compuestos calor-sequ\u00eda en comparaci\u00f3n con las condiciones clim\u00e1ticas actuales.\u00a0<\/p>\n\n\n\n<p>Fuente: <a href=\"https:\/\/www.forbes.com.mx\/julio-establece-record-mes-mas-caluroso-historia-omm\/\" data-type=\"URL\" data-id=\"https:\/\/www.forbes.com.mx\/julio-establece-record-mes-mas-caluroso-historia-omm\/\">Forbes<\/a><\/p>\n","protected":false},"excerpt":{"rendered":"<p>Este julio ha sido el mes m\u00e1s caluroso a nivel global desde que se tienen registros, con una temperatura promedio de 16.95\u00ba C, advirti\u00f3 hoy la Organizaci\u00f3n Meteorol\u00f3gica Mundial (OMM) tras recibir los datos provisionales del Servicio de Cambio Clim\u00e1tico Cop\u00e9rnico de la Uni\u00f3n Europea. El 6 de julio fue adem\u00e1s el d\u00eda m\u00e1s caluroso [&hellip;]<\/p>\n","protected":false},"author":35,"featured_media":7456,"comment_status":"open","ping_status":"open","sticky":false,"template":"","format":"standard","meta":{"_monsterinsights_skip_tracking":false,"_monsterinsights_sitenote_active":false,"_monsterinsights_sitenote_note":"","_monsterinsights_sitenote_category":0,"footnotes":""},"categories":[181],"tags":[12745,2166,4884,26516,1484],"class_list":["post-115091","post","type-post","status-publish","format-standard","has-post-thumbnail","hentry","category-internacional","tag-caluroso","tag-historia","tag-julio","tag-omm","tag-record","wp-image-borders"],"amp_enabled":true,"_links":{"self":[{"href":"https:\/\/nvnoticias.mx\/index.php\/wp-json\/wp\/v2\/posts\/115091","targetHints":{"allow":["GET"]}}],"collection":[{"href":"https:\/\/nvnoticias.mx\/index.php\/wp-json\/wp\/v2\/posts"}],"about":[{"href":"https:\/\/nvnoticias.mx\/index.php\/wp-json\/wp\/v2\/types\/post"}],"author":[{"embeddable":true,"href":"https:\/\/nvnoticias.mx\/index.php\/wp-json\/wp\/v2\/users\/35"}],"replies":[{"embeddable":true,"href":"https:\/\/nvnoticias.mx\/index.php\/wp-json\/wp\/v2\/comments?post=115091"}],"version-history":[{"count":1,"href":"https:\/\/nvnoticias.mx\/index.php\/wp-json\/wp\/v2\/posts\/115091\/revisions"}],"predecessor-version":[{"id":115092,"href":"https:\/\/nvnoticias.mx\/index.php\/wp-json\/wp\/v2\/posts\/115091\/revisions\/115092"}],"wp:featuredmedia":[{"embeddable":true,"href":"https:\/\/nvnoticias.mx\/index.php\/wp-json\/wp\/v2\/media\/7456"}],"wp:attachment":[{"href":"https:\/\/nvnoticias.mx\/index.php\/wp-json\/wp\/v2\/media?parent=115091"}],"wp:term":[{"taxonomy":"category","embeddable":true,"href":"https:\/\/nvnoticias.mx\/index.php\/wp-json\/wp\/v2\/categories?post=115091"},{"taxonomy":"post_tag","embeddable":true,"href":"https:\/\/nvnoticias.mx\/index.php\/wp-json\/wp\/v2\/tags?post=115091"}],"curies":[{"name":"wp","href":"https:\/\/api.w.org\/{rel}","templated":true}]}}