{"id":115069,"date":"2023-07-27T10:24:36","date_gmt":"2023-07-27T15:24:36","guid":{"rendered":"https:\/\/nvnoticias.mx\/?p=115069"},"modified":"2023-07-27T10:24:38","modified_gmt":"2023-07-27T15:24:38","slug":"publican-incentivos-y-convocatorias-para-empresas-que-se-instalen-en-polos-de-desarrollo","status":"publish","type":"post","link":"https:\/\/nvnoticias.mx\/index.php\/2023\/07\/27\/publican-incentivos-y-convocatorias-para-empresas-que-se-instalen-en-polos-de-desarrollo\/","title":{"rendered":"Publican incentivos y convocatorias para empresas que se instalen en Polos de Desarrollo"},"content":{"rendered":"\n<p><strong>Jes\u00fas Utrilla | NV Noticias <\/strong><\/p>\n\n\n\n<p>Se publicaron en la Gaceta Oficial de Veracruz y en el Diario Oficial de la Federaci\u00f3n los incentivos fiscales, reglas y convocatorias para las empresas que busquen establecerse en los Polos de Desarrollo del Corredor Interoce\u00e1nico del Istmo de Tehuantepec.<\/p>\n\n\n\n<p>El gobernador de Veracruz, Cuitl\u00e1huac Garc\u00eda Jim\u00e9nez, inform\u00f3 que se estima que por cada parque hay 30 propuestas.<\/p>\n\n\n\n<p>La decisi\u00f3n a favor de las empresas conllevar\u00e1 requisitos como desarrollo, generaci\u00f3n de empleos y mejores salarios, pues se buscan<\/p>\n\n\n\n<p>Com\u00fanmente hay empresas que beneficios en las localidades, con las inversiones.<\/p>\n\n\n\n<blockquote class=\"wp-block-quote is-layout-flow wp-block-quote-is-layout-flow\"><p>\u201cHay una infraestructura diferente. El presidente puso fechas l\u00edmites y aqu\u00ed pensamos que se va a cumplir totalmente y nos da gusto coincidir. Me da gusto estar de la mano acompa\u00f1ando el proyecto del presidente con un gobernador como Salom\u00f3n Jara que retoma el proyecto y ahora que anunciamos los incentivos vemos que est\u00e1n acorde a las nuestras\u201d.<\/p><\/blockquote>\n\n\n\n<p>Manifest\u00f3 el inter\u00e9s de su administraci\u00f3n que las empresas que se asienten en el proyecto del Corredor Interoce\u00e1nico del Istmo de Tehuantepec, se queden a largo plazo y no se vayan al poco tiempo.<\/p>\n\n\n\n<p>El mandatario veracruzano mencion\u00f3 que estas inversiones estar\u00e1n reguladas para que dejen derrama econ\u00f3mica permanentemente.<\/p>\n\n\n\n<blockquote class=\"wp-block-quote is-layout-flow wp-block-quote-is-layout-flow\"><p>\u201cHabr\u00e1 ventanillas \u00fanicas. Ya hay 60 compa\u00f1\u00edas que quieren invertir en el desarrollo de los polos. En noviembre se dar\u00e1n los fallos. Todas estas caracter\u00edsticas har\u00e1n diferente un gobierno de la cuarta transformaciones donde queden enraizados todos estos proyectos para beneficio de la poblaci\u00f3n que no sean estas inversiones que se hacen como las maquiladoras que temporalmente se instalan y de pronto se van y dejan desempleo\u201d.<\/p><\/blockquote>\n\n\n\n<p>Inform\u00f3 que se otorgar\u00e1 un est\u00edmulo fiscal del 100 por ciento en los tres primeros ejercicios fiscales y un 50 por ciento durante los tres ejercicios siguientes en temas como: Erogaciones por Remuneraciones al trabajo personal; Tenencia o uso de veh\u00edculos; Adquisici\u00f3n de Veh\u00edculos automotores usados; Fomento de la Educaci\u00f3n; Derecho por el uso, goce, aprovechamiento o explotaci\u00f3n de Bienes de Dominio P\u00fablico.<\/p>\n\n\n\n<p>Agradeci\u00f3 a la Secretar\u00eda de Marina por sacar adelante el proyecto en tiempo r\u00e9cord. Agreg\u00f3 que no solamente habr\u00e1 empleo en la<\/p>\n\n\n\n<p>construcci\u00f3n de los parques sino cuando se instalen las empresas.<\/p>\n\n\n\n<p>Al participar en la Sesi\u00f3n de Orientaci\u00f3n de los Procedimientos Licitatorios para el Establecimiento de los Polos de Desarrollo para el Bienestar del Istmo de Tehuantepec, el mandatario insisti\u00f3 en que las inversiones que busquen establecerse en esta zona deber\u00e1n causar el mejor efecto de beneficio para las localidades donde se van a asentar.<\/p>\n","protected":false},"excerpt":{"rendered":"<p>Jes\u00fas Utrilla | NV Noticias Se publicaron en la Gaceta Oficial de Veracruz y en el Diario Oficial de la Federaci\u00f3n los incentivos fiscales, reglas y convocatorias para las empresas que busquen establecerse en los Polos de Desarrollo del Corredor Interoce\u00e1nico del Istmo de Tehuantepec. El gobernador de Veracruz, Cuitl\u00e1huac Garc\u00eda Jim\u00e9nez, inform\u00f3 que se [&hellip;]<\/p>\n","protected":false},"author":35,"featured_media":115070,"comment_status":"open","ping_status":"open","sticky":false,"template":"","format":"standard","meta":{"_monsterinsights_skip_tracking":false,"_monsterinsights_sitenote_active":false,"_monsterinsights_sitenote_note":"","_monsterinsights_sitenote_category":0,"footnotes":""},"categories":[154],"tags":[17263,496,6922,26511,26512,162,22195],"class_list":["post-115069","post","type-post","status-publish","format-standard","has-post-thumbnail","hentry","category-veracruz","tag-convocatorias","tag-empresas","tag-incentivos","tag-instalen","tag-polos-dd-desarrollo","tag-portada","tag-publican","wp-image-borders"],"amp_enabled":true,"_links":{"self":[{"href":"https:\/\/nvnoticias.mx\/index.php\/wp-json\/wp\/v2\/posts\/115069","targetHints":{"allow":["GET"]}}],"collection":[{"href":"https:\/\/nvnoticias.mx\/index.php\/wp-json\/wp\/v2\/posts"}],"about":[{"href":"https:\/\/nvnoticias.mx\/index.php\/wp-json\/wp\/v2\/types\/post"}],"author":[{"embeddable":true,"href":"https:\/\/nvnoticias.mx\/index.php\/wp-json\/wp\/v2\/users\/35"}],"replies":[{"embeddable":true,"href":"https:\/\/nvnoticias.mx\/index.php\/wp-json\/wp\/v2\/comments?post=115069"}],"version-history":[{"count":1,"href":"https:\/\/nvnoticias.mx\/index.php\/wp-json\/wp\/v2\/posts\/115069\/revisions"}],"predecessor-version":[{"id":115071,"href":"https:\/\/nvnoticias.mx\/index.php\/wp-json\/wp\/v2\/posts\/115069\/revisions\/115071"}],"wp:featuredmedia":[{"embeddable":true,"href":"https:\/\/nvnoticias.mx\/index.php\/wp-json\/wp\/v2\/media\/115070"}],"wp:attachment":[{"href":"https:\/\/nvnoticias.mx\/index.php\/wp-json\/wp\/v2\/media?parent=115069"}],"wp:term":[{"taxonomy":"category","embeddable":true,"href":"https:\/\/nvnoticias.mx\/index.php\/wp-json\/wp\/v2\/categories?post=115069"},{"taxonomy":"post_tag","embeddable":true,"href":"https:\/\/nvnoticias.mx\/index.php\/wp-json\/wp\/v2\/tags?post=115069"}],"curies":[{"name":"wp","href":"https:\/\/api.w.org\/{rel}","templated":true}]}}