{"id":115066,"date":"2023-07-27T10:18:24","date_gmt":"2023-07-27T15:18:24","guid":{"rendered":"https:\/\/nvnoticias.mx\/?p=115066"},"modified":"2023-07-27T10:18:25","modified_gmt":"2023-07-27T15:18:25","slug":"en-noviembre-se-definira-a-empresas-que-invertiran-en-parques-del-corredor-interoceanico","status":"publish","type":"post","link":"https:\/\/nvnoticias.mx\/index.php\/2023\/07\/27\/en-noviembre-se-definira-a-empresas-que-invertiran-en-parques-del-corredor-interoceanico\/","title":{"rendered":"En noviembre se definir\u00e1 a empresas que invertir\u00e1n en parques del Corredor Interoce\u00e1nico"},"content":{"rendered":"\n<p><strong>Jes\u00fas Utrilla | NV Noticias <\/strong><\/p>\n\n\n\n<p>El 17 de noviembre concluye el proceso de licitaci\u00f3n de los 5 polos de desarrollo del Corredor Interoce\u00e1nico del Istmo de Tehuantepec.<\/p>\n\n\n\n<p>La secretaria de Econom\u00eda del Gobierno de M\u00e9xico, Raquel Buenrostro S\u00e1nchez, se\u00f1al\u00f3 son 11 vocaciones que pueden participar, como el\u00e9ctrica y electr\u00f3nica, farmac\u00e9utica, maquinaria y equipo, metales, petroqu\u00edmica, metales, entre otros.<\/p>\n\n\n\n<p>Se\u00f1al\u00f3 que para tener acceso a un polo del bienestar deber\u00e1n ser empresas comprometidas con la generaci\u00f3n de fuentes de empleo, ofrecer buenos salarios, brindar apoyo a las comunidades, entre otros.<\/p>\n\n\n\n<p>De esta forma ser\u00e1 una integraci\u00f3n de las empresas con el bienestar de las comunidades.<\/p>\n\n\n\n<p>Se buscar\u00e1 el fortalecimiento de los mercados nacionales. Destac\u00f3 que M\u00e9xico es un pa\u00eds joven con un promedio de 29 a\u00f1os de edad en mano de obra y es atractivo para la inversi\u00f3n.<\/p>\n\n\n\n<p>Se buscar\u00e1 aumentar la producci\u00f3n nacional, promoviendo y desarrollando proveedur\u00eda local.<\/p>\n\n\n\n<blockquote class=\"wp-block-quote is-layout-flow wp-block-quote-is-layout-flow\"><p>\u201cEn la primera intenci\u00f3n fueron cien participantes, se registraron 65 y varios est\u00e1n interesados en varios polos. Hay una demanda por cada polo de m\u00e1s de 30 empresarios. Va a ser detonante de desarrollo econ\u00f3mico y generar\u00e1 empleos y salarios dignos\u201d.<\/p><\/blockquote>\n\n\n\n<p>En el WTC se llev\u00f3 a cabo la Sesi\u00f3n de Orientaci\u00f3n de los Procedimientos Licitatorios para el Establecimiento de los Polos de Desarrollo para el Bienestar del Istmo de Tehuantepec.<\/p>\n\n\n\n<p>La secretaria de Econom\u00eda record\u00f3 que habr\u00e1 incentivos fiscales como la reducci\u00f3n del 100 por ciento en el Impuesto Sobre la Renta que ser\u00e1 durante los primeros tres a\u00f1os y hasta un 90 por ciento en los tres siguientes. Habr\u00e1 tambi\u00e9n una exenci\u00f3n del Impuesto al Valor Agregado (IVA) para operaciones al interior y entre los Polos de Desarrollo.<\/p>\n\n\n\n<blockquote class=\"wp-block-quote is-layout-flow wp-block-quote-is-layout-flow\"><p>\u201cMientras mejores salarios haya la tasa de descuento ser\u00e1 mayor como los programas sectoriales que dan est\u00edmulos. Podemos crecer mucho en M\u00e9xico por la demanda del pa\u00eds y porque Estados Unidos y Canad\u00e1 no tienen mano de obra\u201d.<\/p><\/blockquote>\n\n\n\n<p>Ser\u00e1 en noviembre de este a\u00f1o cuando se entreguen los resultados de la licitaci\u00f3n y una vez que est\u00e9 operando el Corredor se espera que aporte entre el 3 y 5 por ciento del Producto Interno Bruto (PIB) nacional.<\/p>\n\n\n\n<p>En rueda de prensa conjunta con los gobernadores de Veracruz, Cuitl\u00e1huac Garc\u00eda Jim\u00e9nez; de Oaxaca, Salom\u00f3n Jara Cruz; y el director del Corredor Interoce\u00e1nico del Istmo de Tehuantepec, Raymundo Morales, dijo que los beneficios fiscales que recibir\u00e1n las empresas ser\u00e1n dependiendo de los empleos y salarios que ofrezcan.<\/p>\n","protected":false},"excerpt":{"rendered":"<p>Jes\u00fas Utrilla | NV Noticias El 17 de noviembre concluye el proceso de licitaci\u00f3n de los 5 polos de desarrollo del Corredor Interoce\u00e1nico del Istmo de Tehuantepec. La secretaria de Econom\u00eda del Gobierno de M\u00e9xico, Raquel Buenrostro S\u00e1nchez, se\u00f1al\u00f3 son 11 vocaciones que pueden participar, como el\u00e9ctrica y electr\u00f3nica, farmac\u00e9utica, maquinaria y equipo, metales, petroqu\u00edmica, [&hellip;]<\/p>\n","protected":false},"author":35,"featured_media":115067,"comment_status":"open","ping_status":"open","sticky":false,"template":"","format":"standard","meta":{"_monsterinsights_skip_tracking":false,"_monsterinsights_sitenote_active":false,"_monsterinsights_sitenote_note":"","_monsterinsights_sitenote_category":0,"footnotes":""},"categories":[154],"tags":[1595,21275,496,15050,6510,8807,162],"class_list":["post-115066","post","type-post","status-publish","format-standard","has-post-thumbnail","hentry","category-veracruz","tag-corredor-interoceanico","tag-definira","tag-empresas","tag-invertiran","tag-noviembre","tag-parques","tag-portada","wp-image-borders"],"amp_enabled":true,"_links":{"self":[{"href":"https:\/\/nvnoticias.mx\/index.php\/wp-json\/wp\/v2\/posts\/115066","targetHints":{"allow":["GET"]}}],"collection":[{"href":"https:\/\/nvnoticias.mx\/index.php\/wp-json\/wp\/v2\/posts"}],"about":[{"href":"https:\/\/nvnoticias.mx\/index.php\/wp-json\/wp\/v2\/types\/post"}],"author":[{"embeddable":true,"href":"https:\/\/nvnoticias.mx\/index.php\/wp-json\/wp\/v2\/users\/35"}],"replies":[{"embeddable":true,"href":"https:\/\/nvnoticias.mx\/index.php\/wp-json\/wp\/v2\/comments?post=115066"}],"version-history":[{"count":1,"href":"https:\/\/nvnoticias.mx\/index.php\/wp-json\/wp\/v2\/posts\/115066\/revisions"}],"predecessor-version":[{"id":115068,"href":"https:\/\/nvnoticias.mx\/index.php\/wp-json\/wp\/v2\/posts\/115066\/revisions\/115068"}],"wp:featuredmedia":[{"embeddable":true,"href":"https:\/\/nvnoticias.mx\/index.php\/wp-json\/wp\/v2\/media\/115067"}],"wp:attachment":[{"href":"https:\/\/nvnoticias.mx\/index.php\/wp-json\/wp\/v2\/media?parent=115066"}],"wp:term":[{"taxonomy":"category","embeddable":true,"href":"https:\/\/nvnoticias.mx\/index.php\/wp-json\/wp\/v2\/categories?post=115066"},{"taxonomy":"post_tag","embeddable":true,"href":"https:\/\/nvnoticias.mx\/index.php\/wp-json\/wp\/v2\/tags?post=115066"}],"curies":[{"name":"wp","href":"https:\/\/api.w.org\/{rel}","templated":true}]}}