{"id":115051,"date":"2023-07-26T15:45:39","date_gmt":"2023-07-26T20:45:39","guid":{"rendered":"https:\/\/nvnoticias.mx\/?p=115051"},"modified":"2023-07-26T15:45:39","modified_gmt":"2023-07-26T20:45:39","slug":"mc-destapa-a-jose-manuel-del-rio-virgen-para-la-gubernatura-de-veracruz","status":"publish","type":"post","link":"https:\/\/nvnoticias.mx\/index.php\/2023\/07\/26\/mc-destapa-a-jose-manuel-del-rio-virgen-para-la-gubernatura-de-veracruz\/","title":{"rendered":"MC destapa a Jos\u00e9 Manuel del R\u00edo Virgen para la gubernatura de Veracruz"},"content":{"rendered":"\n<p><strong>Jes\u00fas Utrilla \/ NV Noticias <\/strong><\/p>\n\n\n\n<p>Jos\u00e9 Manuel del R\u00edo Virgen, en su reciente visita al puerto de Veracruz, dio a conocer sus aspiraciones a la gubernatura del estado en las pr\u00f3ximas elecciones del 2024.<\/p>\n\n\n\n<p>Mencion\u00f3 que es un cargo al que todos los veracruzanos aspiran con convicci\u00f3n.<\/p>\n\n\n\n<blockquote class=\"wp-block-quote is-layout-flow wp-block-quote-is-layout-flow\"><p><em>&#8220;En cada rinc\u00f3n de Veracruz, encontramos ciudadanos que sue\u00f1an con una candidatura para liderar nuestro estado. Incluso personas que no son originarias de aqu\u00ed han considerado esa posibilidad, as\u00ed que nosotros, siendo veracruzanos, sin duda alguna, vamos a construir desde la base, impulsando municipios en progreso, y desde nuestra dirigencia estatal, trazaremos un camino que nos lleve a nivel estatal y nacional&#8221;.<\/em><\/p><\/blockquote>\n\n\n\n<p>Jos\u00e9 Manuel del R\u00edo Virgen adelant\u00f3 sus planes de recorrer los 212 municipios, as\u00ed como visitar estados como Guerrero, Tamaulipas, Chihuahua y Tlaxcala, con el objetivo de forjar un movimiento que beneficie tanto a mujeres como hombres, pero especialmente a la juventud de Veracruz.<\/p>\n\n\n\n<blockquote class=\"wp-block-quote is-layout-flow wp-block-quote-is-layout-flow\"><p><em>&#8220;Nuestro amado Veracruz merece un futuro m\u00e1s prometedor. No podemos permitir que la violencia amenace nuestras vidas d\u00eda tras d\u00eda, afectando a la prensa, mujeres, pescadores, m\u00e9dicos y a cada miembro de la comunidad. No puedo ignorar que somos el estado con m\u00e1s periodistas asesinados en el pa\u00eds, y los feminicidios, como el ocurrido ayer, deber\u00edan avergonzar a quienes dicen representar el cambio&#8221;<\/em><\/p><\/blockquote>\n\n\n\n<p>Subray\u00f3 que buscar\u00e1 lo que m\u00e1s convenga a Veracruz, y destac\u00f3 la apertura de Movimiento Ciudadano hacia la sociedad civil.<\/p>\n","protected":false},"excerpt":{"rendered":"<p>Jes\u00fas Utrilla \/ NV Noticias Jos\u00e9 Manuel del R\u00edo Virgen, en su reciente visita al puerto de Veracruz, dio a conocer sus aspiraciones a la gubernatura del estado en las pr\u00f3ximas elecciones del 2024. Mencion\u00f3 que es un cargo al que todos los veracruzanos aspiran con convicci\u00f3n. &#8220;En cada rinc\u00f3n de Veracruz, encontramos ciudadanos que [&hellip;]<\/p>\n","protected":false},"author":8,"featured_media":115054,"comment_status":"open","ping_status":"open","sticky":false,"template":"","format":"standard","meta":{"_monsterinsights_skip_tracking":false,"_monsterinsights_sitenote_active":false,"_monsterinsights_sitenote_note":"","_monsterinsights_sitenote_category":0,"footnotes":""},"categories":[154],"tags":[1975,8212,162,180],"class_list":["post-115051","post","type-post","status-publish","format-standard","has-post-thumbnail","hentry","category-veracruz","tag-candidatura","tag-jose-manuel-del-rio-virgen","tag-portada","tag-veracruz","wp-image-borders"],"amp_enabled":true,"_links":{"self":[{"href":"https:\/\/nvnoticias.mx\/index.php\/wp-json\/wp\/v2\/posts\/115051","targetHints":{"allow":["GET"]}}],"collection":[{"href":"https:\/\/nvnoticias.mx\/index.php\/wp-json\/wp\/v2\/posts"}],"about":[{"href":"https:\/\/nvnoticias.mx\/index.php\/wp-json\/wp\/v2\/types\/post"}],"author":[{"embeddable":true,"href":"https:\/\/nvnoticias.mx\/index.php\/wp-json\/wp\/v2\/users\/8"}],"replies":[{"embeddable":true,"href":"https:\/\/nvnoticias.mx\/index.php\/wp-json\/wp\/v2\/comments?post=115051"}],"version-history":[{"count":1,"href":"https:\/\/nvnoticias.mx\/index.php\/wp-json\/wp\/v2\/posts\/115051\/revisions"}],"predecessor-version":[{"id":115055,"href":"https:\/\/nvnoticias.mx\/index.php\/wp-json\/wp\/v2\/posts\/115051\/revisions\/115055"}],"wp:featuredmedia":[{"embeddable":true,"href":"https:\/\/nvnoticias.mx\/index.php\/wp-json\/wp\/v2\/media\/115054"}],"wp:attachment":[{"href":"https:\/\/nvnoticias.mx\/index.php\/wp-json\/wp\/v2\/media?parent=115051"}],"wp:term":[{"taxonomy":"category","embeddable":true,"href":"https:\/\/nvnoticias.mx\/index.php\/wp-json\/wp\/v2\/categories?post=115051"},{"taxonomy":"post_tag","embeddable":true,"href":"https:\/\/nvnoticias.mx\/index.php\/wp-json\/wp\/v2\/tags?post=115051"}],"curies":[{"name":"wp","href":"https:\/\/api.w.org\/{rel}","templated":true}]}}