{"id":115046,"date":"2023-07-26T15:25:27","date_gmt":"2023-07-26T20:25:27","guid":{"rendered":"https:\/\/nvnoticias.mx\/?p=115046"},"modified":"2023-07-26T15:25:28","modified_gmt":"2023-07-26T20:25:28","slug":"respalda-marcelo-ebrard-llamado-de-amlo-a-la-serenidad","status":"publish","type":"post","link":"https:\/\/nvnoticias.mx\/index.php\/2023\/07\/26\/respalda-marcelo-ebrard-llamado-de-amlo-a-la-serenidad\/","title":{"rendered":"Respalda Marcelo Ebrard llamado de AMLO a la serenidad"},"content":{"rendered":"\n<p>El aspirante a la candidatura presidencial de Morena, Marcelo Ebrard, respald\u00f3 el llamado del presidente Andr\u00e9s Manuel L\u00f3pez Obrador para que haya serenidad y no se ataque ni haya llamados de agresi\u00f3n a adversarios pol\u00edticos: \u201cTiene toda la raz\u00f3n el presidente L\u00f3pez Obrador, especialmente esta ma\u00f1ana cuando habl\u00f3 e hizo un llamado a la serenidad.\u201d<\/p>\n\n\n\n<p>Durante un mensaje en redes sociales el ex canciller dijo que comprend\u00eda que durante una competencia pol\u00edtica es normal que haya diferencias y molestias, pero asegur\u00f3 que, incluso por el bien del partido, es necesario que se evite la violencia.<\/p>\n\n\n\n<blockquote class=\"wp-block-quote is-layout-flow wp-block-quote-is-layout-flow\"><p>&#8220;Evidentemente cuando hay una competencia pol\u00edtica y hay proyectos tan distintos como el que representamos nosotros en la Cuarta Transformaci\u00f3n respecto de lo que pueda representar Acci\u00f3n Nacional, PRI, PRD y sus aliados, se entiende que a veces hay mucho calor pol\u00edtico, pero es un error estrat\u00e9gico el empezar a hacer llamados a que el ambiente va a provocar que se tenga violencia contra una persona\u201d, dijo en el video.<br><\/p><\/blockquote>\n\n\n\n<p>Ebrard, adem\u00e1s, dijo que nadie dentro de Morena tenga alg\u00fan inter\u00e9s en que se haga da\u00f1o a alg\u00fan adversario pol\u00edtico, aunque este sea cr\u00edtico o incluso busque una confrontaci\u00f3n, porque se debe respetar la integridad propia y la de los dem\u00e1s.<\/p>\n\n\n\n<p>Finalmente, el ex canciller envi\u00f3 un mensaje a los simpatizantes de Morena para que tampoco caigan en confrontaciones: \u201cLa violencia no va con la Cuarta Transformaci\u00f3n.\u201d<br><\/p>\n\n\n\n<p>Fuente:<a href=\"https:\/\/www.milenio.com\/politica\/elecciones\/marcelo-ebrard-apoya-llamado-amlo-evitar-violencia\" data-type=\"URL\" data-id=\"https:\/\/www.milenio.com\/politica\/elecciones\/marcelo-ebrard-apoya-llamado-amlo-evitar-violencia\"> Milenio<\/a><\/p>\n","protected":false},"excerpt":{"rendered":"<p>El aspirante a la candidatura presidencial de Morena, Marcelo Ebrard, respald\u00f3 el llamado del presidente Andr\u00e9s Manuel L\u00f3pez Obrador para que haya serenidad y no se ataque ni haya llamados de agresi\u00f3n a adversarios pol\u00edticos: \u201cTiene toda la raz\u00f3n el presidente L\u00f3pez Obrador, especialmente esta ma\u00f1ana cuando habl\u00f3 e hizo un llamado a la serenidad.\u201d [&hellip;]<\/p>\n","protected":false},"author":35,"featured_media":86520,"comment_status":"open","ping_status":"open","sticky":false,"template":"","format":"standard","meta":{"_monsterinsights_skip_tracking":false,"_monsterinsights_sitenote_active":false,"_monsterinsights_sitenote_note":"","_monsterinsights_sitenote_category":0,"footnotes":""},"categories":[158],"tags":[188,391,13335,26509],"class_list":["post-115046","post","type-post","status-publish","format-standard","has-post-thumbnail","hentry","category-politica","tag-amlo","tag-marcelo-ebrard","tag-respalda","tag-serenidad","wp-image-borders"],"amp_enabled":true,"_links":{"self":[{"href":"https:\/\/nvnoticias.mx\/index.php\/wp-json\/wp\/v2\/posts\/115046","targetHints":{"allow":["GET"]}}],"collection":[{"href":"https:\/\/nvnoticias.mx\/index.php\/wp-json\/wp\/v2\/posts"}],"about":[{"href":"https:\/\/nvnoticias.mx\/index.php\/wp-json\/wp\/v2\/types\/post"}],"author":[{"embeddable":true,"href":"https:\/\/nvnoticias.mx\/index.php\/wp-json\/wp\/v2\/users\/35"}],"replies":[{"embeddable":true,"href":"https:\/\/nvnoticias.mx\/index.php\/wp-json\/wp\/v2\/comments?post=115046"}],"version-history":[{"count":1,"href":"https:\/\/nvnoticias.mx\/index.php\/wp-json\/wp\/v2\/posts\/115046\/revisions"}],"predecessor-version":[{"id":115047,"href":"https:\/\/nvnoticias.mx\/index.php\/wp-json\/wp\/v2\/posts\/115046\/revisions\/115047"}],"wp:featuredmedia":[{"embeddable":true,"href":"https:\/\/nvnoticias.mx\/index.php\/wp-json\/wp\/v2\/media\/86520"}],"wp:attachment":[{"href":"https:\/\/nvnoticias.mx\/index.php\/wp-json\/wp\/v2\/media?parent=115046"}],"wp:term":[{"taxonomy":"category","embeddable":true,"href":"https:\/\/nvnoticias.mx\/index.php\/wp-json\/wp\/v2\/categories?post=115046"},{"taxonomy":"post_tag","embeddable":true,"href":"https:\/\/nvnoticias.mx\/index.php\/wp-json\/wp\/v2\/tags?post=115046"}],"curies":[{"name":"wp","href":"https:\/\/api.w.org\/{rel}","templated":true}]}}