{"id":115040,"date":"2023-07-26T14:58:39","date_gmt":"2023-07-26T19:58:39","guid":{"rendered":"https:\/\/nvnoticias.mx\/?p=115040"},"modified":"2023-07-26T14:58:40","modified_gmt":"2023-07-26T19:58:40","slug":"tomara-tiempo-ver-efectos-de-politica-monetaria-de-la-fed-en-la-inflacion-jerome-powell","status":"publish","type":"post","link":"https:\/\/nvnoticias.mx\/index.php\/2023\/07\/26\/tomara-tiempo-ver-efectos-de-politica-monetaria-de-la-fed-en-la-inflacion-jerome-powell\/","title":{"rendered":"Tomar\u00e1 tiempo ver efectos de pol\u00edtica monetaria de la Fed en la inflaci\u00f3n: Jerome Powell"},"content":{"rendered":"\n<p>El presidente de la <strong>Reserva Federal<\/strong> (<strong>Fed<\/strong>) de Estados Unidos, <strong>Jerome Powell<\/strong>, indic\u00f3 que todav\u00eda &#8220;tomar\u00e1 tiempo&#8221; ver los efectos de la pol\u00edtica monetaria del banco central, &#8220;especialmente sobre la <strong>inflaci\u00f3n<\/strong>&#8220;.<\/p>\n\n\n\n<p>Powell indic\u00f3 que, de cara al futuro, la Fed decidir\u00e1 si continuar con las subidas de los <strong>tipos de inter\u00e9s <\/strong>o no &#8220;reuni\u00f3n por reuni\u00f3n&#8221;, dependiendo de los datos que vaya recibiendo sobre la <strong>situaci\u00f3n econ\u00f3mica<\/strong>.<\/p>\n\n\n\n<p>El banco central estadounidense decidi\u00f3 este mi\u00e9rcoles <strong>reanudar las subidas<\/strong> de los tipos de inter\u00e9s, tras una pausa en junio, al aumentar las tasas 0.25 puntos porcentuales, de tal forma que pasan a situarse en una horquilla de entre el 5.25% y el 5.5%, alcanzando su m\u00e1ximo nivel desde 2001.<\/p>\n\n\n\n<p>Fuente:<a href=\"https:\/\/www.eluniversal.com.mx\/mundo\/tomara-tiempo-ver-efectos-de-politica-monetaria-de-la-fed-en-la-inflacion-jerome-powell\/\" data-type=\"URL\" data-id=\"https:\/\/www.eluniversal.com.mx\/mundo\/tomara-tiempo-ver-efectos-de-politica-monetaria-de-la-fed-en-la-inflacion-jerome-powell\/\"> El Universal<\/a><\/p>\n","protected":false},"excerpt":{"rendered":"<p>El presidente de la Reserva Federal (Fed) de Estados Unidos, Jerome Powell, indic\u00f3 que todav\u00eda &#8220;tomar\u00e1 tiempo&#8221; ver los efectos de la pol\u00edtica monetaria del banco central, &#8220;especialmente sobre la inflaci\u00f3n&#8220;. Powell indic\u00f3 que, de cara al futuro, la Fed decidir\u00e1 si continuar con las subidas de los tipos de inter\u00e9s o no &#8220;reuni\u00f3n por [&hellip;]<\/p>\n","protected":false},"author":35,"featured_media":31638,"comment_status":"open","ping_status":"open","sticky":false,"template":"","format":"standard","meta":{"_monsterinsights_skip_tracking":false,"_monsterinsights_sitenote_active":false,"_monsterinsights_sitenote_note":"","_monsterinsights_sitenote_category":0,"footnotes":""},"categories":[181],"tags":[2978,7322],"class_list":["post-115040","post","type-post","status-publish","format-standard","has-post-thumbnail","hentry","category-internacional","tag-inflacion","tag-jerome-powell","wp-image-borders"],"amp_enabled":true,"_links":{"self":[{"href":"https:\/\/nvnoticias.mx\/index.php\/wp-json\/wp\/v2\/posts\/115040","targetHints":{"allow":["GET"]}}],"collection":[{"href":"https:\/\/nvnoticias.mx\/index.php\/wp-json\/wp\/v2\/posts"}],"about":[{"href":"https:\/\/nvnoticias.mx\/index.php\/wp-json\/wp\/v2\/types\/post"}],"author":[{"embeddable":true,"href":"https:\/\/nvnoticias.mx\/index.php\/wp-json\/wp\/v2\/users\/35"}],"replies":[{"embeddable":true,"href":"https:\/\/nvnoticias.mx\/index.php\/wp-json\/wp\/v2\/comments?post=115040"}],"version-history":[{"count":1,"href":"https:\/\/nvnoticias.mx\/index.php\/wp-json\/wp\/v2\/posts\/115040\/revisions"}],"predecessor-version":[{"id":115041,"href":"https:\/\/nvnoticias.mx\/index.php\/wp-json\/wp\/v2\/posts\/115040\/revisions\/115041"}],"wp:featuredmedia":[{"embeddable":true,"href":"https:\/\/nvnoticias.mx\/index.php\/wp-json\/wp\/v2\/media\/31638"}],"wp:attachment":[{"href":"https:\/\/nvnoticias.mx\/index.php\/wp-json\/wp\/v2\/media?parent=115040"}],"wp:term":[{"taxonomy":"category","embeddable":true,"href":"https:\/\/nvnoticias.mx\/index.php\/wp-json\/wp\/v2\/categories?post=115040"},{"taxonomy":"post_tag","embeddable":true,"href":"https:\/\/nvnoticias.mx\/index.php\/wp-json\/wp\/v2\/tags?post=115040"}],"curies":[{"name":"wp","href":"https:\/\/api.w.org\/{rel}","templated":true}]}}