{"id":114971,"date":"2023-07-26T07:02:00","date_gmt":"2023-07-26T12:02:00","guid":{"rendered":"https:\/\/nvnoticias.mx\/?p=114971"},"modified":"2023-07-26T10:06:35","modified_gmt":"2023-07-26T15:06:35","slug":"se-realiza-la-procesion-de-la-senora-de-santa-ana","status":"publish","type":"post","link":"https:\/\/nvnoticias.mx\/index.php\/2023\/07\/26\/se-realiza-la-procesion-de-la-senora-de-santa-ana\/","title":{"rendered":"Se realiza la procesi\u00f3n de la se\u00f1ora de Santa Ana"},"content":{"rendered":"\n<p><strong>Jes\u00fas Utrilla |<\/strong> <strong>NV Noticias<\/strong>&nbsp;<\/p>\n\n\n\n<p>Veracruz. &#8211; &nbsp;A Boca del R\u00edo no solo le representa su modernidad, tambi\u00e9n incorpora la Fe y tradici\u00f3n en su vida diaria, expres\u00f3 el alcalde Juan Manuel Unanue Abascal, al acompa\u00f1ar a cientos de feligreses durante la procesi\u00f3n, serenata y misa solemne en honor de la Patrona de la ciudad, la se\u00f1ora de Santa Ana.&nbsp;<\/p>\n\n\n\n<p>Se cuenta que pescadores hace m\u00e1s de 200 a\u00f1os en un d\u00eda de trabajo encontraron una estatua de Santa Ana y desde entonces, es la imagen que se observa en la Iglesia que lleva su nombre.&nbsp;<\/p>\n\n\n\n<p>La procesi\u00f3n dio inicio en la Casa de la Cultura de la cabecera municipal, con la presencia del presidente Municipal, quien fue acompa\u00f1ado por la presidenta del DIF, Melina Rivera de Unanue, as\u00ed como por el Cuerpo Edilicio y cientos de boque\u00f1os.&nbsp;<\/p>\n\n\n\n<p>Su imagen recorri\u00f3 las calles con la compa\u00f1\u00eda de fieles que a su paso gritaban con emoci\u00f3n \u201c\u00a1Viva Santa Ana!\u201d.<\/p>\n\n\n\n<p>A su llegada a la Parroquia, Luis Felipe Gallardo Mart\u00edn del Campo, Obispo Em\u00e9rito en Veracruz y el P\u00e1rroco Guillermo Arturo Ram\u00edrez Mart\u00ednez, dieron la bienvenida a todos los que escoltaron a la adorada imagen, para dar paso y entonar \u201cLas Ma\u00f1anitas\u201d en honor de Nuestra Se\u00f1ora de Santa Ana.&nbsp;<\/p>\n\n\n\n<p>\u201cAgradezco al Alcalde y a todo su equipo, a su esposa que ha mostrado claramente su amor y ayuda siempre a todos, me consta que ustedes son altruistas y que son todo terreno. Gracias por hacer posible todos los eventos que en el municipio se est\u00e1n llevando a cabo\u201d, destac\u00f3 el P\u00e1rroco al final de la homil\u00eda. &nbsp;&nbsp;<\/p>\n\n\n\n<p>Estuvieron tambi\u00e9n presentes los integrantes de la Corte Real integrada por Karla Roxanne Gonz\u00e1lez Mojica, Doncella del Mar 2023; Mar\u00eda Rosal\u00edn Cruz Barrientos, Princesa Primera; In\u00e9s de Jes\u00fas Mart\u00ednez Esmediche, Princesa Segunda y Guillermo Rafael Mu\u00f1oz Rodr\u00edguez, Trit\u00f3n 2023.<\/p>\n\n\n\n<p>Asimismo, estuvieron presentes Manuel Rivera Polanco, Sindico en Representaci\u00f3n de la alcaldesa de Veracruz, Patricia Lobeira de Yunes y la Senadora Indira Rosales San Rom\u00e1n.<\/p>\n\n\n\n<p><strong>*ACTIVIDADES PARA ESTE MI\u00c9RCOLES 26 DE JULIO*<\/strong><\/p>\n\n\n\n<p>Continuando con el programa general, este mi\u00e9rcoles se realizar\u00e1 la Misa Patrones Abuelos en punto del medio d\u00eda en la Parroquia de Santa Ana, y a las 13:30 horas se llevar\u00e1 a cabo el tradicional Paseo Acu\u00e1tico y Ofrenda Floral a la se\u00f1ora de Santa Ana en el R\u00edo Jamapa.&nbsp;<\/p>\n\n\n\n<p>Por la noche se realizar\u00e1 la Misa de Clausura a las 19 horas en la Parroquia de Santa Ana, cerrando as\u00ed las actividades religiosas.&nbsp;<\/p>\n\n\n\n<p>Para mayor informaci\u00f3n sobre las actividades y conciertos pueden visitar las Redes Sociales Oficiales del Ayuntamiento:&nbsp;<a href=\"http:\/\/www.facebook.com\/BocaLoMejorDeVeracruz\" target=\"_blank\" rel=\"noreferrer noopener\">www.facebook.com\/BocaLoMejorDeVeracruz<\/a>, Twitter: @_BocadelRio e Instagram: @bocadelrio.ver; as\u00ed como la p\u00e1gina oficial&nbsp;<a href=\"http:\/\/www.fiesta-santa-ana.mx\/\" target=\"_blank\" rel=\"noreferrer noopener\">www.fiesta-santa-ana.mx<\/a>.<\/p>\n","protected":false},"excerpt":{"rendered":"<p>Jes\u00fas Utrilla | NV Noticias&nbsp; Veracruz. &#8211; &nbsp;A Boca del R\u00edo no solo le representa su modernidad, tambi\u00e9n incorpora la Fe y tradici\u00f3n en su vida diaria, expres\u00f3 el alcalde Juan Manuel Unanue Abascal, al acompa\u00f1ar a cientos de feligreses durante la procesi\u00f3n, serenata y misa solemne en honor de la Patrona de la ciudad, [&hellip;]<\/p>\n","protected":false},"author":6,"featured_media":114972,"comment_status":"open","ping_status":"open","sticky":false,"template":"","format":"standard","meta":{"_monsterinsights_skip_tracking":false,"_monsterinsights_sitenote_active":false,"_monsterinsights_sitenote_note":"","_monsterinsights_sitenote_category":0,"footnotes":""},"categories":[154],"tags":[423,1420,22904],"class_list":["post-114971","post","type-post","status-publish","format-standard","has-post-thumbnail","hentry","category-veracruz","tag-boca-del-rio","tag-juan-manuel-unanue","tag-santa-ana","wp-image-borders"],"amp_enabled":true,"_links":{"self":[{"href":"https:\/\/nvnoticias.mx\/index.php\/wp-json\/wp\/v2\/posts\/114971","targetHints":{"allow":["GET"]}}],"collection":[{"href":"https:\/\/nvnoticias.mx\/index.php\/wp-json\/wp\/v2\/posts"}],"about":[{"href":"https:\/\/nvnoticias.mx\/index.php\/wp-json\/wp\/v2\/types\/post"}],"author":[{"embeddable":true,"href":"https:\/\/nvnoticias.mx\/index.php\/wp-json\/wp\/v2\/users\/6"}],"replies":[{"embeddable":true,"href":"https:\/\/nvnoticias.mx\/index.php\/wp-json\/wp\/v2\/comments?post=114971"}],"version-history":[{"count":1,"href":"https:\/\/nvnoticias.mx\/index.php\/wp-json\/wp\/v2\/posts\/114971\/revisions"}],"predecessor-version":[{"id":114973,"href":"https:\/\/nvnoticias.mx\/index.php\/wp-json\/wp\/v2\/posts\/114971\/revisions\/114973"}],"wp:featuredmedia":[{"embeddable":true,"href":"https:\/\/nvnoticias.mx\/index.php\/wp-json\/wp\/v2\/media\/114972"}],"wp:attachment":[{"href":"https:\/\/nvnoticias.mx\/index.php\/wp-json\/wp\/v2\/media?parent=114971"}],"wp:term":[{"taxonomy":"category","embeddable":true,"href":"https:\/\/nvnoticias.mx\/index.php\/wp-json\/wp\/v2\/categories?post=114971"},{"taxonomy":"post_tag","embeddable":true,"href":"https:\/\/nvnoticias.mx\/index.php\/wp-json\/wp\/v2\/tags?post=114971"}],"curies":[{"name":"wp","href":"https:\/\/api.w.org\/{rel}","templated":true}]}}