{"id":114961,"date":"2023-07-25T21:08:42","date_gmt":"2023-07-26T02:08:42","guid":{"rendered":"https:\/\/nvnoticias.mx\/?p=114961"},"modified":"2023-07-25T21:08:43","modified_gmt":"2023-07-26T02:08:43","slug":"se-reportaron-largas-filas-de-camiones-no-funcionan-los-equipos-de-rayos-gamma-en-la-aduana-de-veracruz","status":"publish","type":"post","link":"https:\/\/nvnoticias.mx\/index.php\/2023\/07\/25\/se-reportaron-largas-filas-de-camiones-no-funcionan-los-equipos-de-rayos-gamma-en-la-aduana-de-veracruz\/","title":{"rendered":"Se reportaron largas filas de camiones; no funcionan los equipos de Rayos Gamma en la Aduana de Veracruz"},"content":{"rendered":"\n<p><strong>Jes\u00fas Utrilla \/ NV Noticias<\/strong><\/p>\n\n\n\n<p>Se registran largas filas de camiones que buscan ingresar al Puerto de Veracruz debido a que las lluvias de esta semana averiaron los equipos de Rayos Gamma y actualmente operan con algunos Rayos X. <\/p>\n\n\n\n<p>Se trata del segundo d\u00eda de afectaci\u00f3n. Cabe mencionar que los bloqueos para ingresar al Puerto de Veracruz generan p\u00e9rdidas de 100 millones de pesos al transporte de carga, por d\u00eda, de acuerdo a datos de la C\u00e1mara Nacional del Autotransporte de Carga.\u00a0<\/p>\n\n\n\n<p>Este martes se observan largas filas de veh\u00edculos y camiones de carga sobre el kil\u00f3metro 13.5, lo que afecta la vialidad en esa zona y en la autopista Veracruz-Cardel.<\/p>\n\n\n\n<p>Pero adem\u00e1s, no es la primera ocasi\u00f3n en que hay quejas sobre fallas en los equipos de revisi\u00f3n no intrusiva.<\/p>\n\n\n\n<p>Incluso aunque redujo el tiempo de despacho aduanero, los camiones tardan m\u00e1s de 8 horas en la ruta fiscal.<\/p>\n\n\n\n<p>Constantemente hay problemas con los equipos de revisi\u00f3n no intrusiva, como los Rayos Gamma, ya que constantemente se descompuestos lo que sobrecarga el trabajo.<\/p>\n\n\n\n<p>Adem\u00e1s de los transportistas los afectados son los importadores y los usuarios de las v\u00edas \u00a0de comunicaci\u00f3n pues las unidades se colocaron sobre la avenida Rafael Cuervo y otros espacios para poder esperar su turno.<\/p>\n\n\n\n<p>El Gobierno Federal inform\u00f3: Las inclemencias del tiempo, se encuentra temporalmente detenida toda la operaci\u00f3n de los equipos de Rayos Gamma de Importaci\u00f3n Bah\u00eda Sur por afectaciones en los equipos a causa de la lluvia, sin embargo, de manera alterna para aminorar la afectaci\u00f3n, se encuentra operando en forma reducida con el apoyo del equipo de Rayos X ZBV, recalcando que ya se realizan los trabajos para restablecer el funcionamiento de los equipos a la brevedad.<\/p>\n","protected":false},"excerpt":{"rendered":"<p>Jes\u00fas Utrilla \/ NV Noticias Se registran largas filas de camiones que buscan ingresar al Puerto de Veracruz debido a que las lluvias de esta semana averiaron los equipos de Rayos Gamma y actualmente operan con algunos Rayos X. Se trata del segundo d\u00eda de afectaci\u00f3n. Cabe mencionar que los bloqueos para ingresar al Puerto [&hellip;]<\/p>\n","protected":false},"author":8,"featured_media":114963,"comment_status":"open","ping_status":"open","sticky":false,"template":"","format":"standard","meta":{"_monsterinsights_skip_tracking":false,"_monsterinsights_sitenote_active":false,"_monsterinsights_sitenote_note":"","_monsterinsights_sitenote_category":0,"footnotes":""},"categories":[154],"tags":[20148],"class_list":["post-114961","post","type-post","status-publish","format-standard","has-post-thumbnail","hentry","category-veracruz","tag-aduana-del-puerto-de-veracruz","wp-image-borders"],"amp_enabled":true,"_links":{"self":[{"href":"https:\/\/nvnoticias.mx\/index.php\/wp-json\/wp\/v2\/posts\/114961","targetHints":{"allow":["GET"]}}],"collection":[{"href":"https:\/\/nvnoticias.mx\/index.php\/wp-json\/wp\/v2\/posts"}],"about":[{"href":"https:\/\/nvnoticias.mx\/index.php\/wp-json\/wp\/v2\/types\/post"}],"author":[{"embeddable":true,"href":"https:\/\/nvnoticias.mx\/index.php\/wp-json\/wp\/v2\/users\/8"}],"replies":[{"embeddable":true,"href":"https:\/\/nvnoticias.mx\/index.php\/wp-json\/wp\/v2\/comments?post=114961"}],"version-history":[{"count":1,"href":"https:\/\/nvnoticias.mx\/index.php\/wp-json\/wp\/v2\/posts\/114961\/revisions"}],"predecessor-version":[{"id":114964,"href":"https:\/\/nvnoticias.mx\/index.php\/wp-json\/wp\/v2\/posts\/114961\/revisions\/114964"}],"wp:featuredmedia":[{"embeddable":true,"href":"https:\/\/nvnoticias.mx\/index.php\/wp-json\/wp\/v2\/media\/114963"}],"wp:attachment":[{"href":"https:\/\/nvnoticias.mx\/index.php\/wp-json\/wp\/v2\/media?parent=114961"}],"wp:term":[{"taxonomy":"category","embeddable":true,"href":"https:\/\/nvnoticias.mx\/index.php\/wp-json\/wp\/v2\/categories?post=114961"},{"taxonomy":"post_tag","embeddable":true,"href":"https:\/\/nvnoticias.mx\/index.php\/wp-json\/wp\/v2\/tags?post=114961"}],"curies":[{"name":"wp","href":"https:\/\/api.w.org\/{rel}","templated":true}]}}