{"id":114955,"date":"2023-07-25T16:56:59","date_gmt":"2023-07-25T21:56:59","guid":{"rendered":"https:\/\/nvnoticias.mx\/?p=114955"},"modified":"2023-07-25T16:57:00","modified_gmt":"2023-07-25T21:57:00","slug":"impugna-ovidio-guzman-negativa-de-amparo-por-extradicion-a-eu","status":"publish","type":"post","link":"https:\/\/nvnoticias.mx\/index.php\/2023\/07\/25\/impugna-ovidio-guzman-negativa-de-amparo-por-extradicion-a-eu\/","title":{"rendered":"Impugna Ovidio Guzm\u00e1n negativa de amparo por extradici\u00f3n a EU"},"content":{"rendered":"\n<p><strong>Ovidio Guzm\u00e1n Loera<\/strong>, alias <em>El Rat\u00f3n<\/em>, ex l\u00edder de la facci\u00f3n de <em>Los Chapitos<\/em> del <strong>C\u00e1rtel de Sinaloa<\/strong>, impugn\u00f3 el amparo negado a principios de julio por un juez que buscaba frenar su proceso de extradici\u00f3n a los<strong> Estados Unidos<\/strong>.<\/p>\n\n\n\n<p>La defensa legal del hijo de <strong>Joaqu\u00edn<\/strong><em><strong> El Chapo<\/strong><\/em><strong> Guzm\u00e1n<\/strong> present\u00f3 un recurso de revisi\u00f3n contra el amparo rechazado por el Juzgado Quinto de Distrito en Materia de Amparo y Juicios Federales del Estado de M\u00e9xico el pasado 6 de julio.<\/p>\n\n\n\n<p>De acuerdo con el <em>Semanario Zeta de Tijuana<\/em>, los abogados del narcotraficante consideran que la extradici\u00f3n de El Rat\u00f3n es inconstitucional debido a lo publicado en el Tratado Internacional de Extradici\u00f3n entre M\u00e9xico y EEUU, por lo que ser\u00e1 el Tribunal Colegiado en Materia Penal del Segundo Circuito quien resuelva su recurso de revisi\u00f3n.<\/p>\n\n\n\n<p>Fuente: <a href=\"https:\/\/www.infobae.com\/mexico\/2023\/07\/25\/ovidio-guzman-impugno-negativa-de-amparo-por-extradicion-a-eeuu\/\" data-type=\"URL\" data-id=\"https:\/\/www.infobae.com\/mexico\/2023\/07\/25\/ovidio-guzman-impugno-negativa-de-amparo-por-extradicion-a-eeuu\/\">Infobae<\/a><\/p>\n","protected":false},"excerpt":{"rendered":"<p>Ovidio Guzm\u00e1n Loera, alias El Rat\u00f3n, ex l\u00edder de la facci\u00f3n de Los Chapitos del C\u00e1rtel de Sinaloa, impugn\u00f3 el amparo negado a principios de julio por un juez que buscaba frenar su proceso de extradici\u00f3n a los Estados Unidos. La defensa legal del hijo de Joaqu\u00edn El Chapo Guzm\u00e1n present\u00f3 un recurso de revisi\u00f3n [&hellip;]<\/p>\n","protected":false},"author":35,"featured_media":97516,"comment_status":"open","ping_status":"open","sticky":false,"template":"","format":"standard","meta":{"_monsterinsights_skip_tracking":false,"_monsterinsights_sitenote_active":false,"_monsterinsights_sitenote_note":"","_monsterinsights_sitenote_category":0,"footnotes":""},"categories":[157],"tags":[1547,183,1005,12360,16058,7928],"class_list":["post-114955","post","type-post","status-publish","format-standard","has-post-thumbnail","hentry","category-nacional","tag-amparo","tag-estados-unidos","tag-extradicion","tag-impugna","tag-negativa","tag-ovidio-guzman","wp-image-borders"],"amp_enabled":true,"_links":{"self":[{"href":"https:\/\/nvnoticias.mx\/index.php\/wp-json\/wp\/v2\/posts\/114955","targetHints":{"allow":["GET"]}}],"collection":[{"href":"https:\/\/nvnoticias.mx\/index.php\/wp-json\/wp\/v2\/posts"}],"about":[{"href":"https:\/\/nvnoticias.mx\/index.php\/wp-json\/wp\/v2\/types\/post"}],"author":[{"embeddable":true,"href":"https:\/\/nvnoticias.mx\/index.php\/wp-json\/wp\/v2\/users\/35"}],"replies":[{"embeddable":true,"href":"https:\/\/nvnoticias.mx\/index.php\/wp-json\/wp\/v2\/comments?post=114955"}],"version-history":[{"count":1,"href":"https:\/\/nvnoticias.mx\/index.php\/wp-json\/wp\/v2\/posts\/114955\/revisions"}],"predecessor-version":[{"id":114956,"href":"https:\/\/nvnoticias.mx\/index.php\/wp-json\/wp\/v2\/posts\/114955\/revisions\/114956"}],"wp:featuredmedia":[{"embeddable":true,"href":"https:\/\/nvnoticias.mx\/index.php\/wp-json\/wp\/v2\/media\/97516"}],"wp:attachment":[{"href":"https:\/\/nvnoticias.mx\/index.php\/wp-json\/wp\/v2\/media?parent=114955"}],"wp:term":[{"taxonomy":"category","embeddable":true,"href":"https:\/\/nvnoticias.mx\/index.php\/wp-json\/wp\/v2\/categories?post=114955"},{"taxonomy":"post_tag","embeddable":true,"href":"https:\/\/nvnoticias.mx\/index.php\/wp-json\/wp\/v2\/tags?post=114955"}],"curies":[{"name":"wp","href":"https:\/\/api.w.org\/{rel}","templated":true}]}}