{"id":114947,"date":"2023-07-25T16:48:40","date_gmt":"2023-07-25T21:48:40","guid":{"rendered":"https:\/\/nvnoticias.mx\/?p=114947"},"modified":"2023-07-25T16:48:40","modified_gmt":"2023-07-25T21:48:40","slug":"presentan-la-nueva-antorcha-olimpica-de-paris-2024-video","status":"publish","type":"post","link":"https:\/\/nvnoticias.mx\/index.php\/2023\/07\/25\/presentan-la-nueva-antorcha-olimpica-de-paris-2024-video\/","title":{"rendered":"Presentan la nueva antorcha Ol\u00edmpica de Par\u00eds 2024 (VIDEO)"},"content":{"rendered":"\n<p>A casi un a\u00f1o de los Juegos Ol\u00edmpicos en Par\u00eds 2024, el comit\u00e9 organizador, ha presentado la antorcha que acompa\u00f1aran los atletas en el recorrido hasta llegar a Francia para la inauguraci\u00f3n de los Juegos&nbsp;<\/p>\n\n\n\n<p>&#8220;Ella llevar\u00e1 la Llama Ol\u00edmpica y luego la Llama Paral\u00edmpica a trav\u00e9s de Francia&#8221;, agregan en un tweet: &#8220;Ella encender\u00e1 el caldero que marcar\u00e1 el inicio de nuestros Juegos Ella compartir\u00e1 los valores y el esp\u00edritu de #Paris2024&#8221;<\/p>\n\n\n\n<p>El dise\u00f1o de la antorcha, que 11.000 personas (10.000 para los Juegos Ol\u00edmpicos y 1.000 para los Juegos Paral\u00edmpicos) portar\u00e1n durante los dos Relevos de la Antorcha, fue presentada este martes 25 de julio de 2023 en la sede del Comit\u00e9 Organizador de Par\u00eds 2024 por el presidente de Par\u00eds, Tony Estanguet, junto con su dise\u00f1ador, Mathieu Lehanneur, y su productora asociada, ArcelorMittal. <\/p>\n\n\n\n<p>El Relevo de la Antorcha Ol\u00edmpica ser\u00e1 el primero y comenzar\u00e1 en Francia el pr\u00f3ximo 8 de mayo de 2024.<\/p>\n\n\n\n<figure class=\"wp-block-embed aligncenter is-type-rich is-provider-twitter wp-block-embed-twitter\"><div class=\"wp-block-embed__wrapper\">\n<blockquote class=\"twitter-tweet\" data-width=\"550\" data-dnt=\"true\"><p lang=\"fr\" dir=\"ltr\">Elle portera la Flamme Olympique puis la Flamme Paralympique \u00e0 travers la France ????????<br>Elle allumera la vasque qui marquera le d\u00e9but de nos Jeux \u2728<br>Elle partagera les valeurs et l\u2019esprit de <a href=\"https:\/\/twitter.com\/hashtag\/Paris2024?src=hash&amp;ref_src=twsrc%5Etfw\">#Paris2024<\/a><br><br>D\u00e9couvrez la Torche des Jeux de Paris 2024 ???? <a href=\"https:\/\/t.co\/NZ847kPacC\">pic.twitter.com\/NZ847kPacC<\/a><\/p>&mdash; Paris 2024 (@Paris2024) <a href=\"https:\/\/twitter.com\/Paris2024\/status\/1683754535137714177?ref_src=twsrc%5Etfw\">July 25, 2023<\/a><\/blockquote><script async src=\"https:\/\/platform.twitter.com\/widgets.js\" charset=\"utf-8\"><\/script>\n<\/div><\/figure>\n","protected":false},"excerpt":{"rendered":"<p>A casi un a\u00f1o de los Juegos Ol\u00edmpicos en Par\u00eds 2024, el comit\u00e9 organizador, ha presentado la antorcha que acompa\u00f1aran los atletas en el recorrido hasta llegar a Francia para la inauguraci\u00f3n de los Juegos&nbsp; &#8220;Ella llevar\u00e1 la Llama Ol\u00edmpica y luego la Llama Paral\u00edmpica a trav\u00e9s de Francia&#8221;, agregan en un tweet: &#8220;Ella encender\u00e1 [&hellip;]<\/p>\n","protected":false},"author":8,"featured_media":114951,"comment_status":"open","ping_status":"open","sticky":false,"template":"","format":"standard","meta":{"_monsterinsights_skip_tracking":false,"_monsterinsights_sitenote_active":false,"_monsterinsights_sitenote_note":"","_monsterinsights_sitenote_category":0,"footnotes":""},"categories":[159],"tags":[26486,5441],"class_list":["post-114947","post","type-post","status-publish","format-standard","has-post-thumbnail","hentry","category-deportes","tag-antorcha-olimpica","tag-paris-2024","wp-image-borders"],"amp_enabled":true,"_links":{"self":[{"href":"https:\/\/nvnoticias.mx\/index.php\/wp-json\/wp\/v2\/posts\/114947","targetHints":{"allow":["GET"]}}],"collection":[{"href":"https:\/\/nvnoticias.mx\/index.php\/wp-json\/wp\/v2\/posts"}],"about":[{"href":"https:\/\/nvnoticias.mx\/index.php\/wp-json\/wp\/v2\/types\/post"}],"author":[{"embeddable":true,"href":"https:\/\/nvnoticias.mx\/index.php\/wp-json\/wp\/v2\/users\/8"}],"replies":[{"embeddable":true,"href":"https:\/\/nvnoticias.mx\/index.php\/wp-json\/wp\/v2\/comments?post=114947"}],"version-history":[{"count":1,"href":"https:\/\/nvnoticias.mx\/index.php\/wp-json\/wp\/v2\/posts\/114947\/revisions"}],"predecessor-version":[{"id":114952,"href":"https:\/\/nvnoticias.mx\/index.php\/wp-json\/wp\/v2\/posts\/114947\/revisions\/114952"}],"wp:featuredmedia":[{"embeddable":true,"href":"https:\/\/nvnoticias.mx\/index.php\/wp-json\/wp\/v2\/media\/114951"}],"wp:attachment":[{"href":"https:\/\/nvnoticias.mx\/index.php\/wp-json\/wp\/v2\/media?parent=114947"}],"wp:term":[{"taxonomy":"category","embeddable":true,"href":"https:\/\/nvnoticias.mx\/index.php\/wp-json\/wp\/v2\/categories?post=114947"},{"taxonomy":"post_tag","embeddable":true,"href":"https:\/\/nvnoticias.mx\/index.php\/wp-json\/wp\/v2\/tags?post=114947"}],"curies":[{"name":"wp","href":"https:\/\/api.w.org\/{rel}","templated":true}]}}