{"id":114942,"date":"2023-07-25T16:41:29","date_gmt":"2023-07-25T21:41:29","guid":{"rendered":"https:\/\/nvnoticias.mx\/?p=114942"},"modified":"2023-07-25T16:41:30","modified_gmt":"2023-07-25T21:41:30","slug":"dan-fecha-cientificos-de-la-unam-para-que-derrame-de-hidrocarburo-llegue-a-eu","status":"publish","type":"post","link":"https:\/\/nvnoticias.mx\/index.php\/2023\/07\/25\/dan-fecha-cientificos-de-la-unam-para-que-derrame-de-hidrocarburo-llegue-a-eu\/","title":{"rendered":"Dan fecha cient\u00edficos de la UNAM para que derrame de hidrocarburo llegue a EU"},"content":{"rendered":"\n<p>Gabriela G\u00f3mez Rodr\u00edguez, acad\u00e9mica del Instituto de Geograf\u00eda\u00a0de la Universidad Nacional Aut\u00f3noma de M\u00e9xico (UNAM), explic\u00f3 que el <strong>derrame de hidrocarburos en el Golfo de M\u00e9xico<\/strong> &#8220;alcanz\u00f3 una extensi\u00f3n de 467 kil\u00f3metros cuadrados\u201d el 12 de julio y que llegar\u00e1 a costas de Estados Unidos.<\/p>\n\n\n\n<p>Entrevistada por Ciro G\u00f3mez Leyva en Radio F\u00f3rmula, la acad\u00e9mica dio detalles sobre el seguimiento que se le dio al derrame de combustible.<\/p>\n\n\n\n<p>La UNAM record\u00f3 que los campos Ek Balam forman parte del Complejo Cantarell, de la estatal Petr\u00f3leos Mexicanos (Pemex) ubicado a 80 kil\u00f3metros al noroeste de Ciudad del Carmen, estado de Campeche, sureste de M\u00e9xico.<\/p>\n\n\n\n<p>Tras procesar las im\u00e1genes y determinar la ubicaci\u00f3n geogr\u00e1fica del contorno de la mancha de hidrocarburos, se estim\u00f3 que, el 12 de julio, &#8220;alcanz\u00f3 una extensi\u00f3n de 467 kil\u00f3metros cuadrados\u201d, indic\u00f3 G\u00f3mez Rodr\u00edguez.<\/p>\n\n\n\n<p>La experta precis\u00f3 que existen diversos modelos de corrientes marinas con los cuales se puede estimar hacia d\u00f3nde se conducir\u00e1 la mancha.<\/p>\n\n\n\n<blockquote class=\"wp-block-quote is-layout-flow wp-block-quote-is-layout-flow\"><p>\u201cProbablemente se dirigir\u00e1 hacia el este-noreste y eventualmente recalar\u00e1 en las costas del Golfo, en Veracruz, Tamaulipas o Estados Unidos\u201d, apunt\u00f3 G\u00f3mez Rodr\u00edguez en el reporte, esto con base en el an\u00e1lisis de mapas incluidos en el Atlas de l\u00ednea base ambiental del Golfo de M\u00e9xico, realizado por Romero Centeno y otras personas (2021).<\/p><\/blockquote>\n\n\n\n<p>Fuente: <a href=\"https:\/\/www.eluniversal.com.mx\/estados\/cientificos-de-la-unam-dan-fecha-para-que-derrame-de-hidrocarburo-llegue-a-eu\/\" data-type=\"URL\" data-id=\"https:\/\/www.eluniversal.com.mx\/estados\/cientificos-de-la-unam-dan-fecha-para-que-derrame-de-hidrocarburo-llegue-a-eu\/\">El Universal<\/a><\/p>\n","protected":false},"excerpt":{"rendered":"<p>Gabriela G\u00f3mez Rodr\u00edguez, acad\u00e9mica del Instituto de Geograf\u00eda\u00a0de la Universidad Nacional Aut\u00f3noma de M\u00e9xico (UNAM), explic\u00f3 que el derrame de hidrocarburos en el Golfo de M\u00e9xico &#8220;alcanz\u00f3 una extensi\u00f3n de 467 kil\u00f3metros cuadrados\u201d el 12 de julio y que llegar\u00e1 a costas de Estados Unidos. Entrevistada por Ciro G\u00f3mez Leyva en Radio F\u00f3rmula, la acad\u00e9mica [&hellip;]<\/p>\n","protected":false},"author":35,"featured_media":20546,"comment_status":"open","ping_status":"open","sticky":false,"template":"","format":"standard","meta":{"_monsterinsights_skip_tracking":false,"_monsterinsights_sitenote_active":false,"_monsterinsights_sitenote_note":"","_monsterinsights_sitenote_category":0,"footnotes":""},"categories":[157],"tags":[6304,3031,183,4020,618,1889],"class_list":["post-114942","post","type-post","status-publish","format-standard","has-post-thumbnail","hentry","category-nacional","tag-cientificos","tag-derrame","tag-estados-unidos","tag-fecha","tag-hidrocarburo","tag-unam","wp-image-borders"],"amp_enabled":true,"_links":{"self":[{"href":"https:\/\/nvnoticias.mx\/index.php\/wp-json\/wp\/v2\/posts\/114942","targetHints":{"allow":["GET"]}}],"collection":[{"href":"https:\/\/nvnoticias.mx\/index.php\/wp-json\/wp\/v2\/posts"}],"about":[{"href":"https:\/\/nvnoticias.mx\/index.php\/wp-json\/wp\/v2\/types\/post"}],"author":[{"embeddable":true,"href":"https:\/\/nvnoticias.mx\/index.php\/wp-json\/wp\/v2\/users\/35"}],"replies":[{"embeddable":true,"href":"https:\/\/nvnoticias.mx\/index.php\/wp-json\/wp\/v2\/comments?post=114942"}],"version-history":[{"count":2,"href":"https:\/\/nvnoticias.mx\/index.php\/wp-json\/wp\/v2\/posts\/114942\/revisions"}],"predecessor-version":[{"id":114946,"href":"https:\/\/nvnoticias.mx\/index.php\/wp-json\/wp\/v2\/posts\/114942\/revisions\/114946"}],"wp:featuredmedia":[{"embeddable":true,"href":"https:\/\/nvnoticias.mx\/index.php\/wp-json\/wp\/v2\/media\/20546"}],"wp:attachment":[{"href":"https:\/\/nvnoticias.mx\/index.php\/wp-json\/wp\/v2\/media?parent=114942"}],"wp:term":[{"taxonomy":"category","embeddable":true,"href":"https:\/\/nvnoticias.mx\/index.php\/wp-json\/wp\/v2\/categories?post=114942"},{"taxonomy":"post_tag","embeddable":true,"href":"https:\/\/nvnoticias.mx\/index.php\/wp-json\/wp\/v2\/tags?post=114942"}],"curies":[{"name":"wp","href":"https:\/\/api.w.org\/{rel}","templated":true}]}}