{"id":114857,"date":"2023-07-25T10:54:18","date_gmt":"2023-07-25T15:54:18","guid":{"rendered":"https:\/\/nvnoticias.mx\/?p=114857"},"modified":"2023-07-25T10:54:19","modified_gmt":"2023-07-25T15:54:19","slug":"acuerdan-mexico-y-eu-combatir-trafico-de-armas-y-fentanilo","status":"publish","type":"post","link":"https:\/\/nvnoticias.mx\/index.php\/2023\/07\/25\/acuerdan-mexico-y-eu-combatir-trafico-de-armas-y-fentanilo\/","title":{"rendered":"Acuerdan M\u00e9xico y EU combatir tr\u00e1fico de armas y fentanilo"},"content":{"rendered":"\n<p><strong>M\u00e9xico&nbsp;<\/strong>y&nbsp;<strong>Estados Unidos<\/strong>&nbsp;acordaron luchar contra el&nbsp;<strong>desmantelamiento&nbsp;<\/strong>de las<strong>&nbsp;redes de tr\u00e1fico de armas de fuego<\/strong>&nbsp;para combatir el&nbsp;<strong>fentanilo<\/strong>&nbsp;y reconocieron que el tr\u00e1fico de armas de fuego contribuye a la violencia y a la destrucci\u00f3n en ambos lados de la frontera.<\/p>\n\n\n\n<p>En una declaraci\u00f3n conjunta de ambos pa\u00edses tras la reuni\u00f3n que ayer sostuvieron el&nbsp;<strong>presidente Andr\u00e9s Manuel L\u00f3pez Obrador<\/strong>&nbsp;y altos servidores p\u00fablicos del Gobierno de M\u00e9xico con una delegaci\u00f3n estadounidense encabezada por la asesora de seguridad nacional,&nbsp;<strong>Elizabeth Sherwood-Randall,<\/strong>&nbsp;la fiscal general adjunta, Lisa O. Monaco, y la subsecretaria interina de Seguridad Nacional, Kristie Canegallo, se acord\u00f3 avanzar en la cooperaci\u00f3n de ambos pa\u00edses en la lucha global contra el fentanilo y las sustancias qu\u00edmicas de uso dual, el combate al tr\u00e1fico de armas, la gesti\u00f3n de la migraci\u00f3n y la modernizaci\u00f3n de la frontera compartida.<\/p>\n\n\n\n<p>Esta reuni\u00f3n, se indica en el documento, se bas\u00f3 en encuentros anteriores de alto nivel dirigidos por la asesora Sherwood-Randall y la secretaria de Seguridad P\u00fablica y Protecci\u00f3n Ciudadana (SSPC). Rosa Icela Rodr\u00edguez Vel\u00e1zquez.<\/p>\n\n\n\n<blockquote class=\"wp-block-quote is-layout-flow wp-block-quote-is-layout-flow\"><p>\u201cNuestros pa\u00edses tambi\u00e9n reconocen que descubrir, interrumpir y desmantelar las redes de tr\u00e1fico de armas de fuego es fundamental en nuestros esfuerzos conjuntos para combatir el fentanilo il\u00edcito, y estamos comprometidos a abordar el tr\u00e1fico de armas de fuego que contribuye a la violencia y a la destrucci\u00f3n en ambos lados de nuestra frontera compartida\u201d<\/p><\/blockquote>\n\n\n\n<p>En la reuni\u00f3n de ayer en Palacio Nacional tambi\u00e9n discutieron los desaf\u00edos y avances en la cooperaci\u00f3n respecto a la migraci\u00f3n regional y se comprometieron a continuar forjando una respuesta a nivel regional, guiada por los principios establecidos en la Declaraci\u00f3n de Los \u00c1ngeles sobre Migraci\u00f3n y Protecci\u00f3n.<\/p>\n\n\n\n<p>Con ese fin, se detalla, M\u00e9xico y Estados Unidos se comprometen a ampliar a\u00fan m\u00e1s la disponibilidad de v\u00edas legales en toda la regi\u00f3n, incluyendo hacia M\u00e9xico y Estados Unidos.<\/p>\n\n\n\n<p>Tambi\u00e9n discutieron la expansi\u00f3n del trabajo conjunto de desarrollo en Centroam\u00e9rica y mantener consecuencias s\u00f3lidas para la entrada irregular en nuestra frontera compartida.<\/p>\n\n\n\n<p>Finalmente, los dos pa\u00edses se comprometen a seguir avanzando en el trabajo en curso para modernizar y promover proyectos de infraestructura que apoyen a nuestras comunidades fronterizas, beneficien a ambas naciones, y fortalezcan nuestra relaci\u00f3n y seguridad bilateral.<\/p>\n\n\n\n<p>Fuente: <a href=\"https:\/\/www.eluniversal.com.mx\/nacion\/mexico-y-eu-acuerdan-combatir-trafico-de-armas-y-fentanilo\/\" data-type=\"URL\" data-id=\"https:\/\/www.eluniversal.com.mx\/nacion\/mexico-y-eu-acuerdan-combatir-trafico-de-armas-y-fentanilo\/\">El Universal<\/a> <\/p>\n","protected":false},"excerpt":{"rendered":"<p>M\u00e9xico&nbsp;y&nbsp;Estados Unidos&nbsp;acordaron luchar contra el&nbsp;desmantelamiento&nbsp;de las&nbsp;redes de tr\u00e1fico de armas de fuego&nbsp;para combatir el&nbsp;fentanilo&nbsp;y reconocieron que el tr\u00e1fico de armas de fuego contribuye a la violencia y a la destrucci\u00f3n en ambos lados de la frontera. En una declaraci\u00f3n conjunta de ambos pa\u00edses tras la reuni\u00f3n que ayer sostuvieron el&nbsp;presidente Andr\u00e9s Manuel L\u00f3pez Obrador&nbsp;y altos [&hellip;]<\/p>\n","protected":false},"author":35,"featured_media":55532,"comment_status":"open","ping_status":"open","sticky":false,"template":"","format":"standard","meta":{"_monsterinsights_skip_tracking":false,"_monsterinsights_sitenote_active":false,"_monsterinsights_sitenote_note":"","_monsterinsights_sitenote_category":0,"footnotes":""},"categories":[157],"tags":[16553,14052,183,7270,292,162,5384],"class_list":["post-114857","post","type-post","status-publish","format-standard","has-post-thumbnail","hentry","category-nacional","tag-acuerdan","tag-combatir","tag-estados-unidos","tag-fentanilo","tag-mexico","tag-portada","tag-trafico-de-armas","wp-image-borders"],"amp_enabled":true,"_links":{"self":[{"href":"https:\/\/nvnoticias.mx\/index.php\/wp-json\/wp\/v2\/posts\/114857","targetHints":{"allow":["GET"]}}],"collection":[{"href":"https:\/\/nvnoticias.mx\/index.php\/wp-json\/wp\/v2\/posts"}],"about":[{"href":"https:\/\/nvnoticias.mx\/index.php\/wp-json\/wp\/v2\/types\/post"}],"author":[{"embeddable":true,"href":"https:\/\/nvnoticias.mx\/index.php\/wp-json\/wp\/v2\/users\/35"}],"replies":[{"embeddable":true,"href":"https:\/\/nvnoticias.mx\/index.php\/wp-json\/wp\/v2\/comments?post=114857"}],"version-history":[{"count":4,"href":"https:\/\/nvnoticias.mx\/index.php\/wp-json\/wp\/v2\/posts\/114857\/revisions"}],"predecessor-version":[{"id":114861,"href":"https:\/\/nvnoticias.mx\/index.php\/wp-json\/wp\/v2\/posts\/114857\/revisions\/114861"}],"wp:featuredmedia":[{"embeddable":true,"href":"https:\/\/nvnoticias.mx\/index.php\/wp-json\/wp\/v2\/media\/55532"}],"wp:attachment":[{"href":"https:\/\/nvnoticias.mx\/index.php\/wp-json\/wp\/v2\/media?parent=114857"}],"wp:term":[{"taxonomy":"category","embeddable":true,"href":"https:\/\/nvnoticias.mx\/index.php\/wp-json\/wp\/v2\/categories?post=114857"},{"taxonomy":"post_tag","embeddable":true,"href":"https:\/\/nvnoticias.mx\/index.php\/wp-json\/wp\/v2\/tags?post=114857"}],"curies":[{"name":"wp","href":"https:\/\/api.w.org\/{rel}","templated":true}]}}