{"id":114827,"date":"2023-07-24T16:32:48","date_gmt":"2023-07-24T21:32:48","guid":{"rendered":"https:\/\/nvnoticias.mx\/?p=114827"},"modified":"2023-07-24T16:32:49","modified_gmt":"2023-07-24T21:32:49","slug":"paola-moran-supera-record-de-ana-guevara-en-atletismo","status":"publish","type":"post","link":"https:\/\/nvnoticias.mx\/index.php\/2023\/07\/24\/paola-moran-supera-record-de-ana-guevara-en-atletismo\/","title":{"rendered":"Paola Mor\u00e1n supera r\u00e9cord de Ana Guevara en atletismo"},"content":{"rendered":"\n<p>Paola Mor\u00e1n ha pulverizado el r\u00e9cord nacional en los 400 metros planos que pose\u00eda Ana Guevara.<\/p>\n\n\n\n<p>La velocista rompi\u00f3 el r\u00e9cord del Campeonato Nacional de Atletismo de primera fuerza, que, por m\u00e1s de 25 a\u00f1os, lo tuvo Ana Gabriela Guevara.<\/p>\n\n\n\n<p>La originaria de Guadalajara, Jalisco, logr\u00f3 detener el cron\u00f3metro en 51.03 segundos en el Campeonato Nacional de Atletismo, celebrado en el estado de Puebla, con lo que termin\u00f3 la prueba en menos de un segundo en lo que lo hizo la actual titular de la Conade en 1998 (52.12 segundos).<\/p>\n\n\n\n<p>Cabe resaltar que el r\u00e9cord que consigui\u00f3 Mor\u00e1n no fue el \u00fanico logr\u00f3 que obtuvo la velocista azteca de 26 a\u00f1os de edad, pues tambi\u00e9n consigui\u00f3 su boleto al Campeonato Mundial de Atletismo, competencia que se celebrar\u00e1 el pr\u00f3ximo mes de agosto en Budapest, Hungr\u00eda.<\/p>\n\n\n\n<p><\/p>\n","protected":false},"excerpt":{"rendered":"<p>Paola Mor\u00e1n ha pulverizado el r\u00e9cord nacional en los 400 metros planos que pose\u00eda Ana Guevara. La velocista rompi\u00f3 el r\u00e9cord del Campeonato Nacional de Atletismo de primera fuerza, que, por m\u00e1s de 25 a\u00f1os, lo tuvo Ana Gabriela Guevara. La originaria de Guadalajara, Jalisco, logr\u00f3 detener el cron\u00f3metro en 51.03 segundos en el Campeonato [&hellip;]<\/p>\n","protected":false},"author":8,"featured_media":114828,"comment_status":"open","ping_status":"open","sticky":false,"template":"","format":"standard","meta":{"_monsterinsights_skip_tracking":false,"_monsterinsights_sitenote_active":false,"_monsterinsights_sitenote_note":"","_monsterinsights_sitenote_category":0,"footnotes":""},"categories":[159],"tags":[10640,26461,1484],"class_list":["post-114827","post","type-post","status-publish","format-standard","has-post-thumbnail","hentry","category-deportes","tag-ana-guevara","tag-paola-moran","tag-record","wp-image-borders"],"amp_enabled":true,"_links":{"self":[{"href":"https:\/\/nvnoticias.mx\/index.php\/wp-json\/wp\/v2\/posts\/114827","targetHints":{"allow":["GET"]}}],"collection":[{"href":"https:\/\/nvnoticias.mx\/index.php\/wp-json\/wp\/v2\/posts"}],"about":[{"href":"https:\/\/nvnoticias.mx\/index.php\/wp-json\/wp\/v2\/types\/post"}],"author":[{"embeddable":true,"href":"https:\/\/nvnoticias.mx\/index.php\/wp-json\/wp\/v2\/users\/8"}],"replies":[{"embeddable":true,"href":"https:\/\/nvnoticias.mx\/index.php\/wp-json\/wp\/v2\/comments?post=114827"}],"version-history":[{"count":1,"href":"https:\/\/nvnoticias.mx\/index.php\/wp-json\/wp\/v2\/posts\/114827\/revisions"}],"predecessor-version":[{"id":114829,"href":"https:\/\/nvnoticias.mx\/index.php\/wp-json\/wp\/v2\/posts\/114827\/revisions\/114829"}],"wp:featuredmedia":[{"embeddable":true,"href":"https:\/\/nvnoticias.mx\/index.php\/wp-json\/wp\/v2\/media\/114828"}],"wp:attachment":[{"href":"https:\/\/nvnoticias.mx\/index.php\/wp-json\/wp\/v2\/media?parent=114827"}],"wp:term":[{"taxonomy":"category","embeddable":true,"href":"https:\/\/nvnoticias.mx\/index.php\/wp-json\/wp\/v2\/categories?post=114827"},{"taxonomy":"post_tag","embeddable":true,"href":"https:\/\/nvnoticias.mx\/index.php\/wp-json\/wp\/v2\/tags?post=114827"}],"curies":[{"name":"wp","href":"https:\/\/api.w.org\/{rel}","templated":true}]}}