{"id":114818,"date":"2023-07-24T15:42:12","date_gmt":"2023-07-24T20:42:12","guid":{"rendered":"https:\/\/nvnoticias.mx\/?p=114818"},"modified":"2023-07-24T15:42:13","modified_gmt":"2023-07-24T20:42:13","slug":"seguridad-es-asignatura-pendiente-de-la-4t-monreal","status":"publish","type":"post","link":"https:\/\/nvnoticias.mx\/index.php\/2023\/07\/24\/seguridad-es-asignatura-pendiente-de-la-4t-monreal\/","title":{"rendered":"Seguridad es asignatura pendiente de la 4T: Monreal"},"content":{"rendered":"\n<p>La seguridad es una asignatura pendiente de la Cuarta Transformaci\u00f3n, poniendo enf\u00e1sis en el corredor que atraviesa desde Chihuahua hasta Quer\u00e9taro atravesando Durango, Zacatecas, y Aguascalientes, reconoci\u00f3 Ricardo Monreal, aspirante a Coordinar los Comit\u00e9s de Defensa de la 4T.<\/p>\n\n\n\n<p>En su visita a Durango capital dio a conocer que este corredor desde la frontera norte hasta el centro del pa\u00eds, requiere de trabajo de inteligencia como de una mayor cantidad de elementos de las diferentes corporaciones de seguridad.<\/p>\n\n\n\n<p>Explic\u00f3 que en los 19 estados en los que ha estado, el tema de la inseguridad es un asunto com\u00fan, y una asignatura que se debe de cumplir.<\/p>\n\n\n\n<blockquote class=\"wp-block-quote is-layout-flow wp-block-quote-is-layout-flow\"><p>\u201cSiento que es una zona que le urge mayor atenci\u00f3n en labores de inteligencia, coordinaci\u00f3n entre los cuerpos de seguridad, labores de mayor cercan\u00eda. Y eficacia en puntos de precisi\u00f3n para combatir la delincuencia organizada. Creo que la federaci\u00f3n, debe apoyar a los gobernadores de la regi\u00f3n, para reforzar la estrategia de seguridad. Pero tambi\u00e9n, dentro de mi propuesta es, el uso de tecnolog\u00edas; actualizaci\u00f3n de armamento, y de equipo para que la fuerza armada permanente, integrada por militares y marinos, tenga mayor eficacia con la polic\u00eda municipal y la polic\u00eda estatal. Y que tengan una revisi\u00f3n puntual de la vida persona y de los ingresos del eslab\u00f3n m\u00e1s delgado que es la polic\u00eda municipal\u201d.<br><\/p><\/blockquote>\n\n\n\n<p>En este sentido, coment\u00f3 que en los encargos que ha tenido a lo largo de carrera como pol\u00edtico, no ha utilizado escoltas, incluso cuando fue gobernador de Zacatecas, no era asistido por personal de seguridad. Adem\u00e1s que dentro de los recorridos que ha realizado a lo largo del pa\u00eds, viaja con solamente su equipo.<\/p>\n\n\n\n<blockquote class=\"wp-block-quote is-layout-flow wp-block-quote-is-layout-flow\"><p>\u201cNo he reforzado mi seguridad, no tengo un solo elemento de seguridad, tenemos un solo veh\u00edculo en el que nos trasladamos. Por ejemplo aqu\u00ed (en Durango) me prestaron uno. Me alcanzar\u00e1 el que nos ayuda en la campa\u00f1a en Zacatecas, o en Aguascalientes\u201d.<br><\/p><\/blockquote>\n\n\n\n<p>Fuente: <a href=\"https:\/\/www.milenio.com\/politica\/ricardo-monreal-reconoce-falta-seguridad-durango\" data-type=\"URL\" data-id=\"https:\/\/www.milenio.com\/politica\/ricardo-monreal-reconoce-falta-seguridad-durango\">Milenio<\/a><\/p>\n","protected":false},"excerpt":{"rendered":"<p>La seguridad es una asignatura pendiente de la Cuarta Transformaci\u00f3n, poniendo enf\u00e1sis en el corredor que atraviesa desde Chihuahua hasta Quer\u00e9taro atravesando Durango, Zacatecas, y Aguascalientes, reconoci\u00f3 Ricardo Monreal, aspirante a Coordinar los Comit\u00e9s de Defensa de la 4T. En su visita a Durango capital dio a conocer que este corredor desde la frontera norte [&hellip;]<\/p>\n","protected":false},"author":35,"featured_media":20552,"comment_status":"open","ping_status":"open","sticky":false,"template":"","format":"standard","meta":{"_monsterinsights_skip_tracking":false,"_monsterinsights_sitenote_active":false,"_monsterinsights_sitenote_note":"","_monsterinsights_sitenote_category":0,"footnotes":""},"categories":[158],"tags":[1451,26457,13208,600,805],"class_list":["post-114818","post","type-post","status-publish","format-standard","has-post-thumbnail","hentry","category-politica","tag-4t","tag-asignatura","tag-pendiente","tag-ricardo-monreal","tag-seguridad","wp-image-borders"],"amp_enabled":true,"_links":{"self":[{"href":"https:\/\/nvnoticias.mx\/index.php\/wp-json\/wp\/v2\/posts\/114818","targetHints":{"allow":["GET"]}}],"collection":[{"href":"https:\/\/nvnoticias.mx\/index.php\/wp-json\/wp\/v2\/posts"}],"about":[{"href":"https:\/\/nvnoticias.mx\/index.php\/wp-json\/wp\/v2\/types\/post"}],"author":[{"embeddable":true,"href":"https:\/\/nvnoticias.mx\/index.php\/wp-json\/wp\/v2\/users\/35"}],"replies":[{"embeddable":true,"href":"https:\/\/nvnoticias.mx\/index.php\/wp-json\/wp\/v2\/comments?post=114818"}],"version-history":[{"count":1,"href":"https:\/\/nvnoticias.mx\/index.php\/wp-json\/wp\/v2\/posts\/114818\/revisions"}],"predecessor-version":[{"id":114819,"href":"https:\/\/nvnoticias.mx\/index.php\/wp-json\/wp\/v2\/posts\/114818\/revisions\/114819"}],"wp:featuredmedia":[{"embeddable":true,"href":"https:\/\/nvnoticias.mx\/index.php\/wp-json\/wp\/v2\/media\/20552"}],"wp:attachment":[{"href":"https:\/\/nvnoticias.mx\/index.php\/wp-json\/wp\/v2\/media?parent=114818"}],"wp:term":[{"taxonomy":"category","embeddable":true,"href":"https:\/\/nvnoticias.mx\/index.php\/wp-json\/wp\/v2\/categories?post=114818"},{"taxonomy":"post_tag","embeddable":true,"href":"https:\/\/nvnoticias.mx\/index.php\/wp-json\/wp\/v2\/tags?post=114818"}],"curies":[{"name":"wp","href":"https:\/\/api.w.org\/{rel}","templated":true}]}}