{"id":114798,"date":"2023-07-24T14:08:45","date_gmt":"2023-07-24T19:08:45","guid":{"rendered":"https:\/\/nvnoticias.mx\/?p=114798"},"modified":"2023-07-24T14:08:46","modified_gmt":"2023-07-24T19:08:46","slug":"rechaza-greg-abbott-retirar-las-boyas-del-rio-bravo-pese-a-orden-del-gobierno-federal","status":"publish","type":"post","link":"https:\/\/nvnoticias.mx\/index.php\/2023\/07\/24\/rechaza-greg-abbott-retirar-las-boyas-del-rio-bravo-pese-a-orden-del-gobierno-federal\/","title":{"rendered":"Rechaza Greg Abbott retirar las boyas del r\u00edo Bravo pese a orden del Gobierno federal"},"content":{"rendered":"\n<blockquote class=\"wp-block-quote is-layout-flow wp-block-quote-is-layout-flow\"><p>&#8220;Texas utilizar\u00e1 plenamente su autoridad constitucional (estatal) para afrontar la crisis que hab\u00e9is causado. Texas le ver\u00e1 en los tribunales, se\u00f1or presidente&#8221;, ha apuntado Abbott en una carta remitida al presidente estadounidense, Joe Biden en respuesta a la petici\u00f3n del Departamento de Justicia, emitida el pasado jueves.<\/p><\/blockquote>\n\n\n\n<p>En concreto, Abbott defiende &#8220;el derecho de Texas a la seguridad en la frontera&#8221;, seg\u00fan la misiva, publicada en redes sociales. El gobernador texano cita varias sentencias judiciales y acusa a Biden de incumplir el Art\u00edculo 4 que recoge que el Gobierno &#8220;debe protegerlos (a los estados) frente a una invasi\u00f3n&#8221;.<\/p>\n\n\n\n<blockquote class=\"wp-block-quote is-layout-flow wp-block-quote-is-layout-flow\"><p>&#8220;Todo esto est\u00e1 pasando porque usted ha incumplido su obligaci\u00f3n constitucional de defender a los estados de una invasi\u00f3n aplicando sinceramente la legislaci\u00f3n federal&#8221;, ha resaltado Abbott, que recuerda los &#8220;niveles r\u00e9cord de inmigraci\u00f3n ilegal&#8221;.<\/p><\/blockquote>\n\n\n\n<p>Abbott ha reprochado a Biden que &#8220;la pol\u00edtica de fronteras abiertas anima a los migrantes a arriesgar sus vidas cruzando ilegalmente por el agua en lugar de hacerlo de forma segura y legal (&#8230;). Nadie se ahoga en un puente&#8221;. As\u00ed, recuerda que la ONU design\u00f3 la frontera entre Estados Unidos y M\u00e9xico como &#8220;la frontera terrestre m\u00e1s mort\u00edfera&#8221; del mundo, con 728 muertes en 2021.<\/p>\n\n\n\n<p>As\u00ed, Abbott insta a Biden a &#8220;ayudarme a salvar a los texanos y a todos los estadounidenses de drogas mortales como el fentanilo, de la violencia de los c\u00e1rteles y de los horrores del tr\u00e1fico de seres humanos&#8221;, ha remachado.<\/p>\n\n\n\n<p>La comunicaci\u00f3n federal del jueves advierte a Texas de que retire la barrera antes del lunes a las 14.00 horas (hora de la Costa Este) o, de lo contrario, iniciar\u00e1 acciones legales.<\/p>\n\n\n\n<p>Fuente: Publimetro<\/p>\n","protected":false},"excerpt":{"rendered":"<p>&#8220;Texas utilizar\u00e1 plenamente su autoridad constitucional (estatal) para afrontar la crisis que hab\u00e9is causado. Texas le ver\u00e1 en los tribunales, se\u00f1or presidente&#8221;, ha apuntado Abbott en una carta remitida al presidente estadounidense, Joe Biden en respuesta a la petici\u00f3n del Departamento de Justicia, emitida el pasado jueves. En concreto, Abbott defiende &#8220;el derecho de Texas [&hellip;]<\/p>\n","protected":false},"author":35,"featured_media":113753,"comment_status":"open","ping_status":"open","sticky":false,"template":"","format":"standard","meta":{"_monsterinsights_skip_tracking":false,"_monsterinsights_sitenote_active":false,"_monsterinsights_sitenote_note":"","_monsterinsights_sitenote_category":0,"footnotes":""},"categories":[181],"tags":[26324,1900,1495,14852,7892,9060,1528],"class_list":["post-114798","post","type-post","status-publish","format-standard","has-post-thumbnail","hentry","category-internacional","tag-boyas","tag-gobierno-federal","tag-greg-abbott","tag-orden","tag-rechaza","tag-retirar","tag-rio-bravo","wp-image-borders"],"amp_enabled":true,"_links":{"self":[{"href":"https:\/\/nvnoticias.mx\/index.php\/wp-json\/wp\/v2\/posts\/114798","targetHints":{"allow":["GET"]}}],"collection":[{"href":"https:\/\/nvnoticias.mx\/index.php\/wp-json\/wp\/v2\/posts"}],"about":[{"href":"https:\/\/nvnoticias.mx\/index.php\/wp-json\/wp\/v2\/types\/post"}],"author":[{"embeddable":true,"href":"https:\/\/nvnoticias.mx\/index.php\/wp-json\/wp\/v2\/users\/35"}],"replies":[{"embeddable":true,"href":"https:\/\/nvnoticias.mx\/index.php\/wp-json\/wp\/v2\/comments?post=114798"}],"version-history":[{"count":4,"href":"https:\/\/nvnoticias.mx\/index.php\/wp-json\/wp\/v2\/posts\/114798\/revisions"}],"predecessor-version":[{"id":114803,"href":"https:\/\/nvnoticias.mx\/index.php\/wp-json\/wp\/v2\/posts\/114798\/revisions\/114803"}],"wp:featuredmedia":[{"embeddable":true,"href":"https:\/\/nvnoticias.mx\/index.php\/wp-json\/wp\/v2\/media\/113753"}],"wp:attachment":[{"href":"https:\/\/nvnoticias.mx\/index.php\/wp-json\/wp\/v2\/media?parent=114798"}],"wp:term":[{"taxonomy":"category","embeddable":true,"href":"https:\/\/nvnoticias.mx\/index.php\/wp-json\/wp\/v2\/categories?post=114798"},{"taxonomy":"post_tag","embeddable":true,"href":"https:\/\/nvnoticias.mx\/index.php\/wp-json\/wp\/v2\/tags?post=114798"}],"curies":[{"name":"wp","href":"https:\/\/api.w.org\/{rel}","templated":true}]}}