{"id":114772,"date":"2023-07-24T13:51:27","date_gmt":"2023-07-24T18:51:27","guid":{"rendered":"https:\/\/nvnoticias.mx\/?p=114772"},"modified":"2023-07-24T13:51:28","modified_gmt":"2023-07-24T18:51:28","slug":"este-martes-labores-de-rehabilitacion-sobre-la-avenida-americas","status":"publish","type":"post","link":"https:\/\/nvnoticias.mx\/index.php\/2023\/07\/24\/este-martes-labores-de-rehabilitacion-sobre-la-avenida-americas\/","title":{"rendered":"Este martes, labores de rehabilitaci\u00f3n sobre la avenida Am\u00e9ricas"},"content":{"rendered":"\n<p>Xalapa, Ver.- Este martes la Direcci\u00f3n de Obras P\u00fablicas iniciar\u00e1 un programa de rehabilitaci\u00f3n de losas aisladas sobre la avenida Am\u00e9ricas, por lo que se invita a las y los conductores a tener precauci\u00f3n y utilizar v\u00edas alternas.<\/p>\n\n\n\n<p>El jefe del Departamento de Movilidad Urbana, Alfonso L\u00f3pez Pineda, detall\u00f3 que esta obra considera acciones de reparaci\u00f3n entre las avenidas L\u00e1zaro C\u00e1rdenas y Xalapa sobre un solo carril de circulaci\u00f3n, por lo que habr\u00e1 oportunidad de mantener el flujo de manera reducida.<\/p>\n\n\n\n<p>Explic\u00f3 que se contempla que los trabajos tengan una duraci\u00f3n de 90 d\u00edas en ambos sentidos.<\/p>\n\n\n\n<p>En la zona se contar\u00e1 con se\u00f1alamiento y apoyo de elementos de seguridad vial para evitar incidentes.<\/p>\n","protected":false},"excerpt":{"rendered":"<p>Xalapa, Ver.- Este martes la Direcci\u00f3n de Obras P\u00fablicas iniciar\u00e1 un programa de rehabilitaci\u00f3n de losas aisladas sobre la avenida Am\u00e9ricas, por lo que se invita a las y los conductores a tener precauci\u00f3n y utilizar v\u00edas alternas. El jefe del Departamento de Movilidad Urbana, Alfonso L\u00f3pez Pineda, detall\u00f3 que esta obra considera acciones de [&hellip;]<\/p>\n","protected":false},"author":8,"featured_media":114773,"comment_status":"open","ping_status":"open","sticky":false,"template":"","format":"standard","meta":{"_monsterinsights_skip_tracking":false,"_monsterinsights_sitenote_active":false,"_monsterinsights_sitenote_note":"","_monsterinsights_sitenote_category":0,"footnotes":""},"categories":[156],"tags":[26447,367,312],"class_list":["post-114772","post","type-post","status-publish","format-standard","has-post-thumbnail","hentry","category-estado","tag-avenida-americas","tag-rehabilitacion","tag-xalapa","wp-image-borders"],"amp_enabled":true,"_links":{"self":[{"href":"https:\/\/nvnoticias.mx\/index.php\/wp-json\/wp\/v2\/posts\/114772","targetHints":{"allow":["GET"]}}],"collection":[{"href":"https:\/\/nvnoticias.mx\/index.php\/wp-json\/wp\/v2\/posts"}],"about":[{"href":"https:\/\/nvnoticias.mx\/index.php\/wp-json\/wp\/v2\/types\/post"}],"author":[{"embeddable":true,"href":"https:\/\/nvnoticias.mx\/index.php\/wp-json\/wp\/v2\/users\/8"}],"replies":[{"embeddable":true,"href":"https:\/\/nvnoticias.mx\/index.php\/wp-json\/wp\/v2\/comments?post=114772"}],"version-history":[{"count":1,"href":"https:\/\/nvnoticias.mx\/index.php\/wp-json\/wp\/v2\/posts\/114772\/revisions"}],"predecessor-version":[{"id":114775,"href":"https:\/\/nvnoticias.mx\/index.php\/wp-json\/wp\/v2\/posts\/114772\/revisions\/114775"}],"wp:featuredmedia":[{"embeddable":true,"href":"https:\/\/nvnoticias.mx\/index.php\/wp-json\/wp\/v2\/media\/114773"}],"wp:attachment":[{"href":"https:\/\/nvnoticias.mx\/index.php\/wp-json\/wp\/v2\/media?parent=114772"}],"wp:term":[{"taxonomy":"category","embeddable":true,"href":"https:\/\/nvnoticias.mx\/index.php\/wp-json\/wp\/v2\/categories?post=114772"},{"taxonomy":"post_tag","embeddable":true,"href":"https:\/\/nvnoticias.mx\/index.php\/wp-json\/wp\/v2\/tags?post=114772"}],"curies":[{"name":"wp","href":"https:\/\/api.w.org\/{rel}","templated":true}]}}