{"id":114736,"date":"2023-07-24T11:00:44","date_gmt":"2023-07-24T16:00:44","guid":{"rendered":"https:\/\/nvnoticias.mx\/?p=114736"},"modified":"2023-07-24T11:00:45","modified_gmt":"2023-07-24T16:00:45","slug":"sentencia-de-garcia-luna-se-aplaza-hasta-el-1-de-marzo-de-2024","status":"publish","type":"post","link":"https:\/\/nvnoticias.mx\/index.php\/2023\/07\/24\/sentencia-de-garcia-luna-se-aplaza-hasta-el-1-de-marzo-de-2024\/","title":{"rendered":"Sentencia de Garc\u00eda Luna se aplaza hasta el 1 de marzo de 2024"},"content":{"rendered":"\n<p>El juez Brian Cogan concedi\u00f3 la solicitud de retrasar la sentencia de Genaro Garc\u00eda Luna, lo que dar\u00e1 tiempo a sus abogados de preparar evidencia que le resulte favorable.<\/p>\n\n\n\n<p>El exfuncionario fue declarado culpable de tener v\u00ednculos con el narcotr\u00e1fico el pasado 22 de febrero, en un juicio que se llev\u00f3 a cabo durante los primeros meses del a\u00f1o en Estados Unidos.<\/p>\n\n\n\n<p>Tras ser declarado culpable, se esperaba que se presentaran mociones posteriores al juicio el 7 de julio y que <strong>se le dictara sentencia el 27 de septiembre.<\/strong><\/p>\n\n\n\n<p>Sin embargo,la defensa, liderada por C\u00e9sar de Castro, solicit\u00f3 el 30 junio que la audiencia de sentencia se aplazara hasta el 1 de marzo de 2024<strong>, <\/strong>bajo el argumento de que se encuentran revisando <strong>documentos que recibieron por parte de exoficiales de seguridad mexicanos y estadounidenses<\/strong>. Los abogados informaron que recibieron cientos de p\u00e1ginas de material, audio y video que nunca hab\u00edan visto y que la mayor\u00eda de estas pruebas est\u00e1n en espa\u00f1ol, idioma que solo habla una parte del equipo defensor.<\/p>\n\n\n\n<p>El 5 de julio, los fiscales estadounidenses a cargo del caso pidieron al tribunal de Nueva York denegar la solicitud, argumentando que el acusado tuvo m\u00e1s de tres a\u00f1os desde su acusaci\u00f3n -que fue p\u00fablica- para hablar con testigos e investigar posibles rutas de defensa. Asimismo, consideraron que la defensa explic\u00f3 de manera vaga los detalles sobre las supuestas nuevas pruebas.<\/p>\n\n\n\n<blockquote class=\"wp-block-quote is-layout-flow wp-block-quote-is-layout-flow\"><p><strong>\u201cEl acusado no proporciona informaci\u00f3n sobre la identidad de estos presuntos testigos<\/strong> o la procedencia de los documentos recibidos, y mucho menos cualquier cosa que pueda anular el veredicto del jurado\u201d, apuntaron en un documento.<\/p><\/blockquote>\n\n\n\n<p>Tras la revisi\u00f3n de la solicitud, el juez Cogan, tambi\u00e9n encargado de <strong>dictar la sentencia de cadena perpetua<\/strong> en contra de <strong>Joaqu\u00edn&nbsp;\u201c<\/strong><strong>El Chapo\u201d<\/strong><strong>&nbsp;Guzm\u00e1n<\/strong>, consider\u00f3 que la defensa no present\u00f3 una causa adecuada para el aplazamiento de la sentencia por cinco meses, pero le orden\u00f3 presentar un documento \u201cexparte\u201d en el que expusiera con mayor detalle las pruebas obtenidas desde el veredicto dictado en febrero.<\/p>\n\n\n\n<p>Finalmente, el juez acredit\u00f3 este lunes que la defensa present\u00f3 una \u201cbuena causa\u201d para el aplazamiento y determin\u00f3 nuevas fechas para las audiencias subsiguientes:<\/p>\n\n\n\n<ul class=\"wp-block-list\"><li>Moci\u00f3n de defensa post-juicio: 15 de diciembre del 2023.<\/li><li>Audiencia de oposici\u00f3n del gobierno: 19 de enero del 2024.<\/li><li>Audiencia de respuesta de la defensa: 2 de febrero del 2024.<\/li><li>Sentencia: 1 de marzo de 2024 a las 10:00 horas de Nueva York.<\/li><\/ul>\n\n\n\n<p>Las fechas fueron modificadas seg\u00fan la solicitud presentada por la defensa de Genaro Garc\u00eda Luna. La informaci\u00f3n fue revelada por Keegan Hamilton, periodista especializado en temas de crimen organizado, prisiones, narcotr\u00e1fico y seguidor del caso.<\/p>\n\n\n\n<p>Fuente:<a href=\"https:\/\/www.elfinanciero.com.mx\/mundo\/2023\/07\/24\/genaro-garcia-luna-gana-tiempo-sentencia-se-aplaza-hasta-el-1-de-marzo-de-2024\/\" data-type=\"URL\" data-id=\"https:\/\/www.elfinanciero.com.mx\/mundo\/2023\/07\/24\/genaro-garcia-luna-gana-tiempo-sentencia-se-aplaza-hasta-el-1-de-marzo-de-2024\/\"> El Financiero<\/a><\/p>\n","protected":false},"excerpt":{"rendered":"<p>El juez Brian Cogan concedi\u00f3 la solicitud de retrasar la sentencia de Genaro Garc\u00eda Luna, lo que dar\u00e1 tiempo a sus abogados de preparar evidencia que le resulte favorable. El exfuncionario fue declarado culpable de tener v\u00ednculos con el narcotr\u00e1fico el pasado 22 de febrero, en un juicio que se llev\u00f3 a cabo durante los [&hellip;]<\/p>\n","protected":false},"author":35,"featured_media":90923,"comment_status":"open","ping_status":"open","sticky":false,"template":"","format":"standard","meta":{"_monsterinsights_skip_tracking":false,"_monsterinsights_sitenote_active":false,"_monsterinsights_sitenote_note":"","_monsterinsights_sitenote_category":0,"footnotes":""},"categories":[181],"tags":[4504,1732,162,4985],"class_list":["post-114736","post","type-post","status-publish","format-standard","has-post-thumbnail","hentry","category-internacional","tag-genaro-garcia-luna","tag-marzo","tag-portada","tag-sentencia","wp-image-borders"],"amp_enabled":true,"_links":{"self":[{"href":"https:\/\/nvnoticias.mx\/index.php\/wp-json\/wp\/v2\/posts\/114736","targetHints":{"allow":["GET"]}}],"collection":[{"href":"https:\/\/nvnoticias.mx\/index.php\/wp-json\/wp\/v2\/posts"}],"about":[{"href":"https:\/\/nvnoticias.mx\/index.php\/wp-json\/wp\/v2\/types\/post"}],"author":[{"embeddable":true,"href":"https:\/\/nvnoticias.mx\/index.php\/wp-json\/wp\/v2\/users\/35"}],"replies":[{"embeddable":true,"href":"https:\/\/nvnoticias.mx\/index.php\/wp-json\/wp\/v2\/comments?post=114736"}],"version-history":[{"count":2,"href":"https:\/\/nvnoticias.mx\/index.php\/wp-json\/wp\/v2\/posts\/114736\/revisions"}],"predecessor-version":[{"id":114738,"href":"https:\/\/nvnoticias.mx\/index.php\/wp-json\/wp\/v2\/posts\/114736\/revisions\/114738"}],"wp:featuredmedia":[{"embeddable":true,"href":"https:\/\/nvnoticias.mx\/index.php\/wp-json\/wp\/v2\/media\/90923"}],"wp:attachment":[{"href":"https:\/\/nvnoticias.mx\/index.php\/wp-json\/wp\/v2\/media?parent=114736"}],"wp:term":[{"taxonomy":"category","embeddable":true,"href":"https:\/\/nvnoticias.mx\/index.php\/wp-json\/wp\/v2\/categories?post=114736"},{"taxonomy":"post_tag","embeddable":true,"href":"https:\/\/nvnoticias.mx\/index.php\/wp-json\/wp\/v2\/tags?post=114736"}],"curies":[{"name":"wp","href":"https:\/\/api.w.org\/{rel}","templated":true}]}}