{"id":114734,"date":"2023-07-24T10:54:56","date_gmt":"2023-07-24T15:54:56","guid":{"rendered":"https:\/\/nvnoticias.mx\/?p=114734"},"modified":"2023-07-24T10:54:57","modified_gmt":"2023-07-24T15:54:57","slug":"descarto-amlo-conflicto-con-el-tratado-de-aguas-de-1944","status":"publish","type":"post","link":"https:\/\/nvnoticias.mx\/index.php\/2023\/07\/24\/descarto-amlo-conflicto-con-el-tratado-de-aguas-de-1944\/","title":{"rendered":"Descart\u00f3 AMLO conflicto con el Tratado de Aguas de 1944"},"content":{"rendered":"\n<p>El presidente de M\u00e9xico, <strong>Andr\u00e9s Manuel L\u00f3pez Obrador (AMLO)<\/strong>, record\u00f3 este lunes 24 de julio en su conferencia de prensa el conflicto ocurrido en septiembre de 2020 entre un grupo de civiles y elementos de la Guardia Nacional (GN) en la presa La Boquilla, Chihuahua, donde <strong>dos personas resultaron fallecidas.<\/strong><\/p>\n\n\n\n<p>El mandatario rememor\u00f3 incluso que meses despu\u00e9s del enfrentamiento en La Boquilla, durante un decomiso en la regi\u00f3n lim\u00edtrofe de los estados de Nayarit y Jalisco,<strong> fueron encontradas las armas que se le decomisaron a los agentes de la Guardia Nacional <\/strong>que participaron en los eventos de La Boquilla en poder de un grupo de la delincuencia organizada, presuntamente el C\u00e1rtel Jalisco Nueva Generaci\u00f3n (CJNG).<\/p>\n\n\n\n<blockquote class=\"wp-block-quote is-layout-flow wp-block-quote-is-layout-flow\"><p>\u201cHubo un enfrentamiento y perdieron la vida dos personas. Fue muy lamentable porque fueron muchos azuzados por intereses politiqueros en La Boquilla. <strong>Incluso se encontraron las armas que se les hab\u00edan quitado o se hab\u00edan sustra\u00eddo a la Guardia Nacional,<\/strong> en un decomiso a una de las organizaciones criminales de Jalisco. Ah\u00ed en La Boquilla hab\u00eda una extra\u00f1a mezcla de delincuencia organizada con acaparadores de agua y pol\u00edticos corruptos\u201d, explic\u00f3 el mandatario.<\/p><\/blockquote>\n\n\n\n<p>L\u00f3pez Obrador fue cuestionado sobre que va hacer su gobierno ante un potencial conflicto con el gobierno de Estados Unidos por el incumplimiento del Tratado de Aguas de 1944 debido a que supuestamente M\u00e9xico est\u00e1 retrasado hasta en un 60 por ciento.<\/p>\n\n\n\n<blockquote class=\"wp-block-quote is-layout-flow wp-block-quote-is-layout-flow\"><p>\u201cNo hay ning\u00fan conflicto en puerta, afortunadamente no tenemos ninguna reclamaci\u00f3n del gobierno de Estados Unidos pero s\u00ed vamos a estar muy pendientes.<\/p><\/blockquote>\n\n\n\n<blockquote class=\"wp-block-quote is-layout-flow wp-block-quote-is-layout-flow\"><p><strong>\u201cResulta que se encuentran armas de la Guardia Nacional, que se hab\u00edan sustra\u00eddo en la presa La Boquilla, o sea no puede uno ser tan categ\u00f3rico, pero en el movimiento de Chihuahua hab\u00eda gente vinculada con los que operan en Jalisco en la delincuencia, del grupo de Jalisco\u201d,<\/strong> revel\u00f3 el mandatario mexicano en abril de 2021, cuando dio a conocer la noticia.<\/p><\/blockquote>\n\n\n\n<p>Fuente:<a href=\"https:\/\/www.infobae.com\/mexico\/2023\/07\/24\/amlo-descarto-conflicto-con-el-tratado-de-aguas-de-1944-y-rememoro-decomiso-vinculado-con-la-boquilla-y-el-narco\/\" data-type=\"URL\" data-id=\"https:\/\/www.infobae.com\/mexico\/2023\/07\/24\/amlo-descarto-conflicto-con-el-tratado-de-aguas-de-1944-y-rememoro-decomiso-vinculado-con-la-boquilla-y-el-narco\/\"> Infobae<\/a><\/p>\n","protected":false},"excerpt":{"rendered":"<p>El presidente de M\u00e9xico, Andr\u00e9s Manuel L\u00f3pez Obrador (AMLO), record\u00f3 este lunes 24 de julio en su conferencia de prensa el conflicto ocurrido en septiembre de 2020 entre un grupo de civiles y elementos de la Guardia Nacional (GN) en la presa La Boquilla, Chihuahua, donde dos personas resultaron fallecidas. El mandatario rememor\u00f3 incluso que [&hellip;]<\/p>\n","protected":false},"author":35,"featured_media":107724,"comment_status":"open","ping_status":"open","sticky":false,"template":"","format":"standard","meta":{"_monsterinsights_skip_tracking":false,"_monsterinsights_sitenote_active":false,"_monsterinsights_sitenote_note":"","_monsterinsights_sitenote_category":0,"footnotes":""},"categories":[157],"tags":[188,511,26440,183,26441],"class_list":["post-114734","post","type-post","status-publish","format-standard","has-post-thumbnail","hentry","category-nacional","tag-amlo","tag-conflicto","tag-descarto","tag-estados-unidos","tag-tratado-de-aguas","wp-image-borders"],"amp_enabled":true,"_links":{"self":[{"href":"https:\/\/nvnoticias.mx\/index.php\/wp-json\/wp\/v2\/posts\/114734","targetHints":{"allow":["GET"]}}],"collection":[{"href":"https:\/\/nvnoticias.mx\/index.php\/wp-json\/wp\/v2\/posts"}],"about":[{"href":"https:\/\/nvnoticias.mx\/index.php\/wp-json\/wp\/v2\/types\/post"}],"author":[{"embeddable":true,"href":"https:\/\/nvnoticias.mx\/index.php\/wp-json\/wp\/v2\/users\/35"}],"replies":[{"embeddable":true,"href":"https:\/\/nvnoticias.mx\/index.php\/wp-json\/wp\/v2\/comments?post=114734"}],"version-history":[{"count":1,"href":"https:\/\/nvnoticias.mx\/index.php\/wp-json\/wp\/v2\/posts\/114734\/revisions"}],"predecessor-version":[{"id":114735,"href":"https:\/\/nvnoticias.mx\/index.php\/wp-json\/wp\/v2\/posts\/114734\/revisions\/114735"}],"wp:featuredmedia":[{"embeddable":true,"href":"https:\/\/nvnoticias.mx\/index.php\/wp-json\/wp\/v2\/media\/107724"}],"wp:attachment":[{"href":"https:\/\/nvnoticias.mx\/index.php\/wp-json\/wp\/v2\/media?parent=114734"}],"wp:term":[{"taxonomy":"category","embeddable":true,"href":"https:\/\/nvnoticias.mx\/index.php\/wp-json\/wp\/v2\/categories?post=114734"},{"taxonomy":"post_tag","embeddable":true,"href":"https:\/\/nvnoticias.mx\/index.php\/wp-json\/wp\/v2\/tags?post=114734"}],"curies":[{"name":"wp","href":"https:\/\/api.w.org\/{rel}","templated":true}]}}