{"id":114297,"date":"2023-07-20T06:43:59","date_gmt":"2023-07-20T11:43:59","guid":{"rendered":"https:\/\/nvnoticias.mx\/?p=114297"},"modified":"2023-07-20T06:44:00","modified_gmt":"2023-07-20T11:44:00","slug":"impugnara-sheinbaum-orden-del-ine-de-hacer-eventos-de-corcholatas-en-sedes-de-partidos","status":"publish","type":"post","link":"https:\/\/nvnoticias.mx\/index.php\/2023\/07\/20\/impugnara-sheinbaum-orden-del-ine-de-hacer-eventos-de-corcholatas-en-sedes-de-partidos\/","title":{"rendered":"Impugnar\u00e1 Sheinbaum orden del INE de hacer eventos de \u2018corcholatas\u2019 en sedes de partidos"},"content":{"rendered":"\n<p>Claudia Sheinbaum inform\u00f3 que impugnar\u00e1 la resoluci\u00f3n del Instituto Nacional Electoral (INE) que ordena que los recorridos de las \u201ccorcholatas\u201d \u2014como se ha llamado a los aspirantes presidenciales\u2014 de Morena se hagan \u201cpreferentemente\u201d en sedes partidistas.<br><\/p>\n\n\n\n<p>Al realizar un recorrido en San Luis Potos\u00ed como parte de su campa\u00f1a para buscar la Coordinaci\u00f3n de los Comit\u00e9s de Defensa de la Cuarta Transformaci\u00f3n, la morenista coment\u00f3 que hasta el momento no han sido notificados ni por el partido ni por el INE de que sus eventos se hagan con preferencia en lugares del partido.<\/p>\n\n\n\n<blockquote class=\"wp-block-quote is-layout-flow wp-block-quote-is-layout-flow\"><p>\u201cS\u00ed se va a impugnar, porque es lo que digo, no es un tema de proselitismo personal. Todos los partidos pol\u00edticos y sus militantes pues construyen activismo pol\u00edtico para ganar conciencias y corazones, y m\u00e1s la 4T que lucha por la revoluci\u00f3n de las conciencias\u201d, declar\u00f3 la exjefa de Gobierno de la Ciudad de M\u00e9xico, quien es la puntera en la mayor\u00eda de encuestas para ser candidata presidencial en 2024.<\/p><\/blockquote>\n\n\n\n<p>Tras una reuni\u00f3n que sostuvo con empresarios en el Centro de las Artes de San Luis Potos\u00ed, Sheinbaum nuevamente enfatiz\u00f3 que no se puede comparar lo que ocurri\u00f3 en 2006 en el gobierno de Vicente Fox, quien \u2014seg\u00fan la morenista\u2014 emprendi\u00f3 una operaci\u00f3n de Estado contra Andr\u00e9s Manuel L\u00f3pez Obrador, a lo que ocurre hoy con la declaraciones del actual mandatario federal en contra de X\u00f3chitl G\u00e1lvez, aspirante presidencial del Frente Amplio por M\u00e9xico, integrado por PAN, PRI y PRD.<\/p>\n\n\n\n<p>Fuente: <a href=\"https:\/\/www.forbes.com.mx\/sheinbaum-impugnara-orden-del-ine-de-hacer-eventos-de-corcholatas-en-sedes-de-partidos\/\" data-type=\"URL\" data-id=\"https:\/\/www.forbes.com.mx\/sheinbaum-impugnara-orden-del-ine-de-hacer-eventos-de-corcholatas-en-sedes-de-partidos\/\">Forbes<\/a> <\/p>\n","protected":false},"excerpt":{"rendered":"<p>Claudia Sheinbaum inform\u00f3 que impugnar\u00e1 la resoluci\u00f3n del Instituto Nacional Electoral (INE) que ordena que los recorridos de las \u201ccorcholatas\u201d \u2014como se ha llamado a los aspirantes presidenciales\u2014 de Morena se hagan \u201cpreferentemente\u201d en sedes partidistas. Al realizar un recorrido en San Luis Potos\u00ed como parte de su campa\u00f1a para buscar la Coordinaci\u00f3n de los [&hellip;]<\/p>\n","protected":false},"author":35,"featured_media":46040,"comment_status":"open","ping_status":"open","sticky":false,"template":"","format":"standard","meta":{"_monsterinsights_skip_tracking":false,"_monsterinsights_sitenote_active":false,"_monsterinsights_sitenote_note":"","_monsterinsights_sitenote_category":0,"footnotes":""},"categories":[158],"tags":[2801,17373,4432,443,14852,1623,162,26375],"class_list":["post-114297","post","type-post","status-publish","format-standard","has-post-thumbnail","hentry","category-politica","tag-claudia-sheinbaum","tag-corcholatas","tag-impugnara","tag-ine","tag-orden","tag-partidos","tag-portada","tag-sedes","wp-image-borders"],"amp_enabled":true,"_links":{"self":[{"href":"https:\/\/nvnoticias.mx\/index.php\/wp-json\/wp\/v2\/posts\/114297","targetHints":{"allow":["GET"]}}],"collection":[{"href":"https:\/\/nvnoticias.mx\/index.php\/wp-json\/wp\/v2\/posts"}],"about":[{"href":"https:\/\/nvnoticias.mx\/index.php\/wp-json\/wp\/v2\/types\/post"}],"author":[{"embeddable":true,"href":"https:\/\/nvnoticias.mx\/index.php\/wp-json\/wp\/v2\/users\/35"}],"replies":[{"embeddable":true,"href":"https:\/\/nvnoticias.mx\/index.php\/wp-json\/wp\/v2\/comments?post=114297"}],"version-history":[{"count":3,"href":"https:\/\/nvnoticias.mx\/index.php\/wp-json\/wp\/v2\/posts\/114297\/revisions"}],"predecessor-version":[{"id":114300,"href":"https:\/\/nvnoticias.mx\/index.php\/wp-json\/wp\/v2\/posts\/114297\/revisions\/114300"}],"wp:featuredmedia":[{"embeddable":true,"href":"https:\/\/nvnoticias.mx\/index.php\/wp-json\/wp\/v2\/media\/46040"}],"wp:attachment":[{"href":"https:\/\/nvnoticias.mx\/index.php\/wp-json\/wp\/v2\/media?parent=114297"}],"wp:term":[{"taxonomy":"category","embeddable":true,"href":"https:\/\/nvnoticias.mx\/index.php\/wp-json\/wp\/v2\/categories?post=114297"},{"taxonomy":"post_tag","embeddable":true,"href":"https:\/\/nvnoticias.mx\/index.php\/wp-json\/wp\/v2\/tags?post=114297"}],"curies":[{"name":"wp","href":"https:\/\/api.w.org\/{rel}","templated":true}]}}