{"id":114268,"date":"2023-07-20T06:33:35","date_gmt":"2023-07-20T11:33:35","guid":{"rendered":"https:\/\/nvnoticias.mx\/?p=114268"},"modified":"2023-07-20T06:33:37","modified_gmt":"2023-07-20T11:33:37","slug":"desecha-tepjf-nuevamente-queja-de-yeidckol-por-exclusion-de-proceso-interno-de-morena","status":"publish","type":"post","link":"https:\/\/nvnoticias.mx\/index.php\/2023\/07\/20\/desecha-tepjf-nuevamente-queja-de-yeidckol-por-exclusion-de-proceso-interno-de-morena\/","title":{"rendered":"Desecha TEPJF nuevamente queja de Yeidckol por exclusi\u00f3n de proceso interno de Morena"},"content":{"rendered":"\n<p>La Sala Superior del Tribunal Electoral del Poder Judicial de la Federaci\u00f3n (TEPJF) desech\u00f3 el juicio que hab\u00eda promovido&nbsp;la exdirigente de Morena, Yeidckol Polevnsky, en el que reclam\u00f3 la omisi\u00f3n de la Comisi\u00f3n Nacional de Honestidad y Justicia de ese partido para atender su queja por&nbsp;<strong>haber sido excluida del registro<\/strong>&nbsp;para contender por la llamada Coordinaci\u00f3n de la Defensa de la Cuarta Transformaci\u00f3n.<\/p>\n\n\n\n<p>El caso fue desechado debido a que el \u00f3rgano partidista&nbsp;<strong>s\u00ed emiti\u00f3 una resoluci\u00f3n a la denuncia de Polevnsky<\/strong>, por lo que no incurri\u00f3 en la omisi\u00f3n que reclam\u00f3.<\/p>\n\n\n\n<blockquote class=\"wp-block-quote is-layout-flow wp-block-quote-is-layout-flow\"><p>\u201cLa improcedencia del medio de impugnaci\u00f3n deriva de la inexistencia de la omisi\u00f3n alegada y no de un cambio de situaci\u00f3n jur\u00eddica que haya dejado sin materia el juicio\u201d, explic\u00f3 el magistrado presidente Reyes Rodr\u00edguez, quien explic\u00f3 que se emiti\u00f3 resoluci\u00f3n con anterioridad a la presentaci\u00f3n del medio de impugnaci\u00f3n.<\/p><\/blockquote>\n\n\n\n<p>El desechamiento fue aprobado con el voto de calidad del magistrado presidente y con el voto razonado de la magistrada&nbsp;<strong>Janine Ot\u00e1lora<\/strong>, quien insisti\u00f3 en que la exclusi\u00f3n alegada fuera analizada en la Sala Superior y no reenviada a la Comisi\u00f3n del partido.<\/p>\n\n\n\n<p>Fuente: <a href=\"https:\/\/www.milenio.com\/politica\/tepjf-desecha-nuevamente-queja-yeidckol-exclusion-morena\" data-type=\"URL\" data-id=\"https:\/\/www.milenio.com\/politica\/tepjf-desecha-nuevamente-queja-yeidckol-exclusion-morena\">Milenio<\/a> <\/p>\n","protected":false},"excerpt":{"rendered":"<p>La Sala Superior del Tribunal Electoral del Poder Judicial de la Federaci\u00f3n (TEPJF) desech\u00f3 el juicio que hab\u00eda promovido&nbsp;la exdirigente de Morena, Yeidckol Polevnsky, en el que reclam\u00f3 la omisi\u00f3n de la Comisi\u00f3n Nacional de Honestidad y Justicia de ese partido para atender su queja por&nbsp;haber sido excluida del registro&nbsp;para contender por la llamada Coordinaci\u00f3n [&hellip;]<\/p>\n","protected":false},"author":35,"featured_media":58369,"comment_status":"open","ping_status":"open","sticky":false,"template":"","format":"standard","meta":{"_monsterinsights_skip_tracking":false,"_monsterinsights_sitenote_active":false,"_monsterinsights_sitenote_note":"","_monsterinsights_sitenote_category":0,"footnotes":""},"categories":[158],"tags":[17611,11042,17950,14466,2189,7532,1791,26367],"class_list":["post-114268","post","type-post","status-publish","format-standard","has-post-thumbnail","hentry","category-politica","tag-desecha","tag-exclusion","tag-interno","tag-nuevamente","tag-proceso","tag-queja","tag-tepjf","tag-yeidckol","wp-image-borders"],"amp_enabled":true,"_links":{"self":[{"href":"https:\/\/nvnoticias.mx\/index.php\/wp-json\/wp\/v2\/posts\/114268","targetHints":{"allow":["GET"]}}],"collection":[{"href":"https:\/\/nvnoticias.mx\/index.php\/wp-json\/wp\/v2\/posts"}],"about":[{"href":"https:\/\/nvnoticias.mx\/index.php\/wp-json\/wp\/v2\/types\/post"}],"author":[{"embeddable":true,"href":"https:\/\/nvnoticias.mx\/index.php\/wp-json\/wp\/v2\/users\/35"}],"replies":[{"embeddable":true,"href":"https:\/\/nvnoticias.mx\/index.php\/wp-json\/wp\/v2\/comments?post=114268"}],"version-history":[{"count":3,"href":"https:\/\/nvnoticias.mx\/index.php\/wp-json\/wp\/v2\/posts\/114268\/revisions"}],"predecessor-version":[{"id":114271,"href":"https:\/\/nvnoticias.mx\/index.php\/wp-json\/wp\/v2\/posts\/114268\/revisions\/114271"}],"wp:featuredmedia":[{"embeddable":true,"href":"https:\/\/nvnoticias.mx\/index.php\/wp-json\/wp\/v2\/media\/58369"}],"wp:attachment":[{"href":"https:\/\/nvnoticias.mx\/index.php\/wp-json\/wp\/v2\/media?parent=114268"}],"wp:term":[{"taxonomy":"category","embeddable":true,"href":"https:\/\/nvnoticias.mx\/index.php\/wp-json\/wp\/v2\/categories?post=114268"},{"taxonomy":"post_tag","embeddable":true,"href":"https:\/\/nvnoticias.mx\/index.php\/wp-json\/wp\/v2\/tags?post=114268"}],"curies":[{"name":"wp","href":"https:\/\/api.w.org\/{rel}","templated":true}]}}