{"id":114249,"date":"2023-07-19T21:20:26","date_gmt":"2023-07-20T02:20:26","guid":{"rendered":"https:\/\/nvnoticias.mx\/?p=114249"},"modified":"2023-07-19T21:20:27","modified_gmt":"2023-07-20T02:20:27","slug":"amlo-recrimina-la-torre-centro-de-veracruz","status":"publish","type":"post","link":"https:\/\/nvnoticias.mx\/index.php\/2023\/07\/19\/amlo-recrimina-la-torre-centro-de-veracruz\/","title":{"rendered":"AMLO recrimina la Torre Centro de Veracruz"},"content":{"rendered":"\n<p>El presidente de M\u00e9xico, Andr\u00e9s Manuel L\u00f3pez Obrador, recrimin\u00f3 la edificaci\u00f3n de la llamada Torre Centro en Veracruz como un acto de corrupci\u00f3n por parte del Poder Judicial.<\/p>\n\n\n\n<p>Asimismo, reproch\u00f3 que el municipio no exista un museo dedicado a las Leyes de Reforma, que fueron firmadas en el estado por el presidente Benito Ju\u00e1rez, hecho hist\u00f3rico en M\u00e9xico.<\/p>\n\n\n\n<p>Para el titular del Ejecutivo federal el edificio, compuesto de m\u00e1s de 20 pisos y establecido en el Centro Hist\u00f3rico del Puerto, es un &#8220;adefesio&#8221; pues los permisos para realizar la obra, a decir de Obrador, fue una colusi\u00f3n entre autoridades y jueces corruptos.<\/p>\n\n\n\n<blockquote class=\"wp-block-quote is-layout-flow wp-block-quote-is-layout-flow\"><p>\u201c<em>Uno de los m\u00e1s importantes del pa\u00eds, como el Z\u00f3calo es el Centro Hist\u00f3rico de Veracruz. Ah\u00ed por corrupci\u00f3n, de autoridades y de jueces permiten hacer una construcci\u00f3n, un adefesio, y todos coludidos y como ahora el Poder Judicial ya descaradamente se entreg\u00f3 por completo a la corrupci\u00f3n ya no queda m\u00e1s que denunciarlos. Lo vamos a seguir haciendo<\/em>\u201d.<\/p><\/blockquote>\n\n\n\n<p>Por tal motivo llam\u00f3 al gobernador de Veracruz, Cuitl\u00e1huac Garc\u00eda Jim\u00e9nez, y al Instituto Nacional de Antropolog\u00eda e Historia para demandar a la empresa constructora esto pese a que, seg\u00fan informes, la misma se encuentra amparada.<\/p>\n\n\n\n<blockquote class=\"wp-block-quote is-layout-flow wp-block-quote-is-layout-flow\"><p>\u201c<em>Estamos buscando si se adquiere la casa donde vivi\u00f3 Ju\u00e1rez y ah\u00ed hacemos el museo de lo que fueron las Leyes de Reforma que cambiaron la vida p\u00fablica de M\u00e9xico y hasta nuestros d\u00edas<\/em>\u201d, asever\u00f3 el Presidente.<\/p><\/blockquote>\n","protected":false},"excerpt":{"rendered":"<p>El presidente de M\u00e9xico, Andr\u00e9s Manuel L\u00f3pez Obrador, recrimin\u00f3 la edificaci\u00f3n de la llamada Torre Centro en Veracruz como un acto de corrupci\u00f3n por parte del Poder Judicial. Asimismo, reproch\u00f3 que el municipio no exista un museo dedicado a las Leyes de Reforma, que fueron firmadas en el estado por el presidente Benito Ju\u00e1rez, hecho [&hellip;]<\/p>\n","protected":false},"author":8,"featured_media":114250,"comment_status":"open","ping_status":"open","sticky":false,"template":"","format":"standard","meta":{"_monsterinsights_skip_tracking":false,"_monsterinsights_sitenote_active":false,"_monsterinsights_sitenote_note":"","_monsterinsights_sitenote_category":0,"footnotes":""},"categories":[154],"tags":[188,162,4619],"class_list":["post-114249","post","type-post","status-publish","format-standard","has-post-thumbnail","hentry","category-veracruz","tag-amlo","tag-portada","tag-torre-centro","wp-image-borders"],"amp_enabled":true,"_links":{"self":[{"href":"https:\/\/nvnoticias.mx\/index.php\/wp-json\/wp\/v2\/posts\/114249","targetHints":{"allow":["GET"]}}],"collection":[{"href":"https:\/\/nvnoticias.mx\/index.php\/wp-json\/wp\/v2\/posts"}],"about":[{"href":"https:\/\/nvnoticias.mx\/index.php\/wp-json\/wp\/v2\/types\/post"}],"author":[{"embeddable":true,"href":"https:\/\/nvnoticias.mx\/index.php\/wp-json\/wp\/v2\/users\/8"}],"replies":[{"embeddable":true,"href":"https:\/\/nvnoticias.mx\/index.php\/wp-json\/wp\/v2\/comments?post=114249"}],"version-history":[{"count":1,"href":"https:\/\/nvnoticias.mx\/index.php\/wp-json\/wp\/v2\/posts\/114249\/revisions"}],"predecessor-version":[{"id":114251,"href":"https:\/\/nvnoticias.mx\/index.php\/wp-json\/wp\/v2\/posts\/114249\/revisions\/114251"}],"wp:featuredmedia":[{"embeddable":true,"href":"https:\/\/nvnoticias.mx\/index.php\/wp-json\/wp\/v2\/media\/114250"}],"wp:attachment":[{"href":"https:\/\/nvnoticias.mx\/index.php\/wp-json\/wp\/v2\/media?parent=114249"}],"wp:term":[{"taxonomy":"category","embeddable":true,"href":"https:\/\/nvnoticias.mx\/index.php\/wp-json\/wp\/v2\/categories?post=114249"},{"taxonomy":"post_tag","embeddable":true,"href":"https:\/\/nvnoticias.mx\/index.php\/wp-json\/wp\/v2\/tags?post=114249"}],"curies":[{"name":"wp","href":"https:\/\/api.w.org\/{rel}","templated":true}]}}