{"id":114246,"date":"2023-07-19T21:03:03","date_gmt":"2023-07-20T02:03:03","guid":{"rendered":"https:\/\/nvnoticias.mx\/?p=114246"},"modified":"2023-07-19T21:03:03","modified_gmt":"2023-07-20T02:03:03","slug":"este-jueves-cierra-licitacion-de-polos-de-desarrollo","status":"publish","type":"post","link":"https:\/\/nvnoticias.mx\/index.php\/2023\/07\/19\/este-jueves-cierra-licitacion-de-polos-de-desarrollo\/","title":{"rendered":"Este jueves cierra licitaci\u00f3n de polos de desarrollo"},"content":{"rendered":"\n<p><strong>Jes\u00fas Utrilla \/ NV Noticias<\/strong><\/p>\n\n\n\n<p>El mi\u00e9rcoles 26 de julio la secretaria de Econom\u00eda, Raquel Buenrostro S\u00e1nchez; el gobernador, Cuitl\u00e1huac Garc\u00eda Jim\u00e9nez; Salom\u00f3n Jara, gobernador de Oaxaca y Raymundo Morales, director del Corredor Interoce\u00e1nico del Istmo de Tehuantepec anunciar\u00e1n sobre las empresas a instalarse en los parques industriales del proyecto.<\/p>\n\n\n\n<p>Enrique Nach\u00f3n Garc\u00eda, secretario de Desarrollo Econ\u00f3mico y Portuario del Estado de Veracruz, dijo que se anunciar\u00e1 el avance del proyecto y el proceso de licitaci\u00f3n de los parques industriales, 4 en Veracruz y uno en Oaxaca, pues este jueves se cierra el proceso de inscripci\u00f3n de la licitaci\u00f3n para las empresas.<\/p>\n\n\n\n<blockquote class=\"wp-block-quote is-layout-flow wp-block-quote-is-layout-flow\"><p>\u201c<em>Est\u00e1n comprando la informaci\u00f3n de licitaci\u00f3n todas las empresas y ahorita el n\u00famero va a variar porque se cierra el proceso de inscripci\u00f3n de licitaci\u00f3n de las empresas. Los parques est\u00e1n en Coatzacoalcos 1 y 2 y hay otro en San Juan Evangelista y otro en\u00a0Oaxaca<\/em>\u201d.<\/p><\/blockquote>\n\n\n\n<p>El Ayuntamiento de Veracruz y la Secretar\u00eda de Desarrollo Econ\u00f3mico y Portuario firmaron un convenio para reducir los tiempos de permisos y licencias af\u00edn de atraer mayor cantidad de inversiones. Se busca dar facilidades, certeza y transparencia a quienes buscan invertir.<\/p>\n\n\n\n<p>El secretario afirm\u00f3 que la carretera del Corredor Interoce\u00e1nico en Veracruz y el ferrocarril est\u00e1n pr\u00e1cticamente listos.<\/p>\n\n\n\n<blockquote class=\"wp-block-quote is-layout-flow wp-block-quote-is-layout-flow\"><p>\u201c<em>El proyecto en el estado de Veracruz la carretera est\u00e1 al 92 por ciento y el ferrocarril cerca del 90 por ciento. Ya est\u00e1 todo listo<\/em>\u201d.<\/p><\/blockquote>\n","protected":false},"excerpt":{"rendered":"<p>Jes\u00fas Utrilla \/ NV Noticias El mi\u00e9rcoles 26 de julio la secretaria de Econom\u00eda, Raquel Buenrostro S\u00e1nchez; el gobernador, Cuitl\u00e1huac Garc\u00eda Jim\u00e9nez; Salom\u00f3n Jara, gobernador de Oaxaca y Raymundo Morales, director del Corredor Interoce\u00e1nico del Istmo de Tehuantepec anunciar\u00e1n sobre las empresas a instalarse en los parques industriales del proyecto. Enrique Nach\u00f3n Garc\u00eda, secretario de [&hellip;]<\/p>\n","protected":false},"author":8,"featured_media":114247,"comment_status":"open","ping_status":"open","sticky":false,"template":"","format":"standard","meta":{"_monsterinsights_skip_tracking":false,"_monsterinsights_sitenote_active":false,"_monsterinsights_sitenote_note":"","_monsterinsights_sitenote_category":0,"footnotes":""},"categories":[154],"tags":[3803,14370],"class_list":["post-114246","post","type-post","status-publish","format-standard","has-post-thumbnail","hentry","category-veracruz","tag-licitacion","tag-parques-industriales","wp-image-borders"],"amp_enabled":true,"_links":{"self":[{"href":"https:\/\/nvnoticias.mx\/index.php\/wp-json\/wp\/v2\/posts\/114246","targetHints":{"allow":["GET"]}}],"collection":[{"href":"https:\/\/nvnoticias.mx\/index.php\/wp-json\/wp\/v2\/posts"}],"about":[{"href":"https:\/\/nvnoticias.mx\/index.php\/wp-json\/wp\/v2\/types\/post"}],"author":[{"embeddable":true,"href":"https:\/\/nvnoticias.mx\/index.php\/wp-json\/wp\/v2\/users\/8"}],"replies":[{"embeddable":true,"href":"https:\/\/nvnoticias.mx\/index.php\/wp-json\/wp\/v2\/comments?post=114246"}],"version-history":[{"count":1,"href":"https:\/\/nvnoticias.mx\/index.php\/wp-json\/wp\/v2\/posts\/114246\/revisions"}],"predecessor-version":[{"id":114248,"href":"https:\/\/nvnoticias.mx\/index.php\/wp-json\/wp\/v2\/posts\/114246\/revisions\/114248"}],"wp:featuredmedia":[{"embeddable":true,"href":"https:\/\/nvnoticias.mx\/index.php\/wp-json\/wp\/v2\/media\/114247"}],"wp:attachment":[{"href":"https:\/\/nvnoticias.mx\/index.php\/wp-json\/wp\/v2\/media?parent=114246"}],"wp:term":[{"taxonomy":"category","embeddable":true,"href":"https:\/\/nvnoticias.mx\/index.php\/wp-json\/wp\/v2\/categories?post=114246"},{"taxonomy":"post_tag","embeddable":true,"href":"https:\/\/nvnoticias.mx\/index.php\/wp-json\/wp\/v2\/tags?post=114246"}],"curies":[{"name":"wp","href":"https:\/\/api.w.org\/{rel}","templated":true}]}}