{"id":114146,"date":"2023-07-19T10:59:29","date_gmt":"2023-07-19T15:59:29","guid":{"rendered":"https:\/\/nvnoticias.mx\/?p=114146"},"modified":"2023-07-19T10:59:30","modified_gmt":"2023-07-19T15:59:30","slug":"anuncia-amlo-nueva-seccion-de-la-mananera-por-sancion-del-ine","status":"publish","type":"post","link":"https:\/\/nvnoticias.mx\/index.php\/2023\/07\/19\/anuncia-amlo-nueva-seccion-de-la-mananera-por-sancion-del-ine\/","title":{"rendered":"Anuncia AMLO nueva secci\u00f3n de la \u2018ma\u00f1anera\u2019 por sanci\u00f3n del INE"},"content":{"rendered":"\n<p>El presidente Andr\u00e9s Manuel L\u00f3pez Obrador anunci\u00f3 la creaci\u00f3n de una<strong>\u00a0nueva secci\u00f3n<\/strong>\u00a0en su conferencia de prensa matutina la cual tendr\u00e1 como objetivo \u2018<strong>burlar<\/strong>\u2019 la\u00a0restricci\u00f3n que le impuso el INE que le proh\u00edbe hablar sobre X\u00f3chitl G\u00e1lvez.<\/p>\n\n\n\n<p>El mandatario mexicano adelant\u00f3 que esta nueva secci\u00f3n se llamar\u00e1 \u201c<strong>No lo digo yo<\/strong>\u201d, en referencia al\u00a0<strong>impedimento\u00a0<\/strong>que tiene para hablar de los aspirantes que buscan sustituirlo en la Presidencia en 2024.<\/p>\n\n\n\n<blockquote class=\"wp-block-quote is-layout-flow wp-block-quote-is-layout-flow\"><p>\u201cComo ya no puedo hablar mucho porque me cepillan los del INE y los del Tribunal Electoral voy a tener una secci\u00f3n nueva que se va a llamar \u2018<strong>No lo digo yo<\/strong>\u2019 y nada m\u00e1s lo ponemos aqu\u00ed, para que la gente tenga informaci\u00f3n\u201d, dijo AMLO.<\/p><\/blockquote>\n\n\n\n<p>\u201c<strong>INE<\/strong>,\u00a0<strong>ya me di por notificado<\/strong>,\u00a0<strong>no lo dije yo<\/strong>\u201d, a\u00f1adi\u00f3 el jefe del Ejecutivo tras reproducir un video en el que\u00a0Vicente Fox\u00a0pide a X\u00f3chitl G\u00e1lvez\u00a0<strong>terminar con los\u00a0<\/strong>programas sociales; esto a pesar de que la aspirante panista ha reiterado en m\u00faltiples ocasiones que\u00a0<strong>mantendr\u00e1 todos los programas sociales\u00a0<\/strong>que existen actualmente.<\/p>\n\n\n\n<p>Fuente: El Financiero <\/p>\n","protected":false},"excerpt":{"rendered":"<p>El presidente Andr\u00e9s Manuel L\u00f3pez Obrador anunci\u00f3 la creaci\u00f3n de una\u00a0nueva secci\u00f3n\u00a0en su conferencia de prensa matutina la cual tendr\u00e1 como objetivo \u2018burlar\u2019 la\u00a0restricci\u00f3n que le impuso el INE que le proh\u00edbe hablar sobre X\u00f3chitl G\u00e1lvez. El mandatario mexicano adelant\u00f3 que esta nueva secci\u00f3n se llamar\u00e1 \u201cNo lo digo yo\u201d, en referencia al\u00a0impedimento\u00a0que tiene para [&hellip;]<\/p>\n","protected":false},"author":35,"featured_media":107775,"comment_status":"open","ping_status":"open","sticky":false,"template":"","format":"standard","meta":{"_monsterinsights_skip_tracking":false,"_monsterinsights_sitenote_active":false,"_monsterinsights_sitenote_note":"","_monsterinsights_sitenote_category":0,"footnotes":""},"categories":[157],"tags":[188,7791,443,505,7730,3030],"class_list":["post-114146","post","type-post","status-publish","format-standard","has-post-thumbnail","hentry","category-nacional","tag-amlo","tag-anuncia","tag-ine","tag-mananera","tag-nueva","tag-sancion","wp-image-borders"],"amp_enabled":true,"_links":{"self":[{"href":"https:\/\/nvnoticias.mx\/index.php\/wp-json\/wp\/v2\/posts\/114146","targetHints":{"allow":["GET"]}}],"collection":[{"href":"https:\/\/nvnoticias.mx\/index.php\/wp-json\/wp\/v2\/posts"}],"about":[{"href":"https:\/\/nvnoticias.mx\/index.php\/wp-json\/wp\/v2\/types\/post"}],"author":[{"embeddable":true,"href":"https:\/\/nvnoticias.mx\/index.php\/wp-json\/wp\/v2\/users\/35"}],"replies":[{"embeddable":true,"href":"https:\/\/nvnoticias.mx\/index.php\/wp-json\/wp\/v2\/comments?post=114146"}],"version-history":[{"count":1,"href":"https:\/\/nvnoticias.mx\/index.php\/wp-json\/wp\/v2\/posts\/114146\/revisions"}],"predecessor-version":[{"id":114147,"href":"https:\/\/nvnoticias.mx\/index.php\/wp-json\/wp\/v2\/posts\/114146\/revisions\/114147"}],"wp:featuredmedia":[{"embeddable":true,"href":"https:\/\/nvnoticias.mx\/index.php\/wp-json\/wp\/v2\/media\/107775"}],"wp:attachment":[{"href":"https:\/\/nvnoticias.mx\/index.php\/wp-json\/wp\/v2\/media?parent=114146"}],"wp:term":[{"taxonomy":"category","embeddable":true,"href":"https:\/\/nvnoticias.mx\/index.php\/wp-json\/wp\/v2\/categories?post=114146"},{"taxonomy":"post_tag","embeddable":true,"href":"https:\/\/nvnoticias.mx\/index.php\/wp-json\/wp\/v2\/tags?post=114146"}],"curies":[{"name":"wp","href":"https:\/\/api.w.org\/{rel}","templated":true}]}}