{"id":114116,"date":"2023-07-18T16:43:53","date_gmt":"2023-07-18T21:43:53","guid":{"rendered":"https:\/\/nvnoticias.mx\/?p=114116"},"modified":"2023-07-18T16:43:54","modified_gmt":"2023-07-18T21:43:54","slug":"anuncia-lana-del-rey-nuevos-conciertos-en-mexico","status":"publish","type":"post","link":"https:\/\/nvnoticias.mx\/index.php\/2023\/07\/18\/anuncia-lana-del-rey-nuevos-conciertos-en-mexico\/","title":{"rendered":"Anuncia Lana del Rey nuevos conciertos en M\u00e9xico"},"content":{"rendered":"\n<p>Lana del Rey, la talentosa cantante y compositora, ha emocionado a sus fans al anunciar su esperada presentaci\u00f3n en el Foro Sol de la Ciudad de M\u00e9xico el 15 de agosto de 2023.<\/p>\n\n\n\n<p>Ahora tras un exitoso sold-out y&nbsp;<strong>despu\u00e9s de 6 a\u00f1os<\/strong>&nbsp;de ausencia en tierras mexicanas,&nbsp;<strong>Lana del Rey regresar\u00e1<\/strong>&nbsp;con gran entusiasmo para presentarse no solo en la Ciudad de M\u00e9xico, sino que tambi\u00e9n en Monterrey y Guadalajara.&nbsp;<\/p>\n\n\n\n<p>Esto llevar\u00e1 su m\u00fasica y encanto a diferentes regiones de M\u00e9xico,\u00a0<strong>brindando la oportunidad a sus seguidores de vivir su arte en vivo<\/strong>, aqu\u00ed te contamos todos los detalles:<\/p>\n\n\n\n<p>Estos conciertos prometen ser una experiencia inolvidable para todos los asistentes, ya que<strong>&nbsp;Lana del Rey&nbsp;<\/strong>es reconocida por su estilo \u00fanico y su cautivadora presencia en el escenario.&nbsp;<\/p>\n\n\n\n<p>Tras una serie de rumores, finalmente Lana del Rey confirm\u00f3 que se presentar\u00e1 en&nbsp;<strong>Monterrey<\/strong>&nbsp;el pr\u00f3ximo<strong>&nbsp;18 de agosto y en Guadalajara el 20 de agosto<\/strong>, adem\u00e1s agreg\u00f3 una fecha m\u00e1s en la<strong>&nbsp;Ciudad de M\u00e9xico&nbsp;<\/strong>para&nbsp;<strong>el<\/strong>&nbsp;<strong>16 de agosto.<\/strong><\/p>\n\n\n\n<p>Su voz et\u00e9rea y sus letras melanc\u00f3licas han dejado una profunda huella en la industria musical desde el lanzamiento de su \u00e1lbum debut &#8220;Born to Die&#8221; en 2012.<\/p>\n\n\n\n<p>La preventa de Citibanamex para estas tres nuevas fechas ser\u00e1n el pr\u00f3ximo&nbsp;<strong>21 de julio<\/strong>, mientras que la venta general se llevar\u00e1 a cabo el 22 de julio.&nbsp;<strong>Los boletos podr\u00e1n ser adquiridos a trav\u00e9s de Ticketmaster&nbsp;<\/strong>o en la taquilla de los recintos donde se llevar\u00e1n a cabo los conciertos.<\/p>\n\n\n\n<p>Ciudad de M\u00e9xico: 16 de agosto en Foro Sol<\/p>\n\n\n\n<p>Monterrey: 18 de agosto en Estado Banorte<\/p>\n\n\n\n<p>Guadalajara: 20 de agosto en Estado 3 de Marzo<\/p>\n\n\n\n<p>Los conciertos de Lana del Rey son conocidos por su&nbsp;<strong>atm\u00f3sfera \u00edntima y envolvente<\/strong>, donde los espectadores pueden sumergirse en su mundo musical \u00fanico.<\/p>\n\n\n\n<p>Sus presentaciones&nbsp;<strong>ofrecen una combinaci\u00f3n de su voz distintiva<\/strong>, su estilo retro y su entrega apasionada, creando una experiencia m\u00e1gica para todos los presentes.<\/p>\n\n\n\n<p>Estas presentaciones en M\u00e9xico<strong>\u00a0marcar\u00e1n un hito en su carrera<\/strong>\u00a0y brindar\u00e1n a los fan\u00e1ticos la oportunidad de experimentar en persona la magia y el talento de esta destacada artista.<\/p>\n\n\n\n<p>Tras un exitoso sold-out para su primer fecha en la Ciudad de M\u00e9xico, los precios de Lana del Rey para estas nuevas fechas&nbsp;<strong>podr\u00edan rondar en lo mismo que su primera venta<\/strong>, al menos para si concierto en Foro Sol.<\/p>\n\n\n\n<p>Para su concierto en la Ciudad de M\u00e9xico, los precios fueron&nbsp;<strong>desde<\/strong><\/p>\n\n\n\n<p><strong>696 a 3,096 pesos ya con cargos incluidos.&nbsp;<\/strong>Estos fueron los precios de Lana del Rey para Foro Sol:<\/p>\n\n\n\n<ul class=\"wp-block-list\"><li>General A $2,376<\/li><li>General B $1,416<\/li><li>Verde A $3,096<\/li><li>Naranja A $2,256<\/li><li>Verde B $1,536<\/li><li>Naranja B $1,176<\/li><li>Verde C $936<\/li><li>Naranja C $696<\/li><li>DISCAP $1,416<\/li><\/ul>\n\n\n\n<p>Fuente: Milenio<\/p>\n","protected":false},"excerpt":{"rendered":"<p>Lana del Rey, la talentosa cantante y compositora, ha emocionado a sus fans al anunciar su esperada presentaci\u00f3n en el Foro Sol de la Ciudad de M\u00e9xico el 15 de agosto de 2023. Ahora tras un exitoso sold-out y&nbsp;despu\u00e9s de 6 a\u00f1os&nbsp;de ausencia en tierras mexicanas,&nbsp;Lana del Rey regresar\u00e1&nbsp;con gran entusiasmo para presentarse no solo [&hellip;]<\/p>\n","protected":false},"author":35,"featured_media":79114,"comment_status":"open","ping_status":"open","sticky":false,"template":"","format":"standard","meta":{"_monsterinsights_skip_tracking":false,"_monsterinsights_sitenote_active":false,"_monsterinsights_sitenote_note":"","_monsterinsights_sitenote_category":0,"footnotes":""},"categories":[576],"tags":[7791,8850,82,292,10417],"class_list":["post-114116","post","type-post","status-publish","format-standard","has-post-thumbnail","hentry","category-ocio","tag-anuncia","tag-conciertos","tag-lana-del-rey","tag-mexico","tag-nuevos","wp-image-borders"],"amp_enabled":true,"_links":{"self":[{"href":"https:\/\/nvnoticias.mx\/index.php\/wp-json\/wp\/v2\/posts\/114116","targetHints":{"allow":["GET"]}}],"collection":[{"href":"https:\/\/nvnoticias.mx\/index.php\/wp-json\/wp\/v2\/posts"}],"about":[{"href":"https:\/\/nvnoticias.mx\/index.php\/wp-json\/wp\/v2\/types\/post"}],"author":[{"embeddable":true,"href":"https:\/\/nvnoticias.mx\/index.php\/wp-json\/wp\/v2\/users\/35"}],"replies":[{"embeddable":true,"href":"https:\/\/nvnoticias.mx\/index.php\/wp-json\/wp\/v2\/comments?post=114116"}],"version-history":[{"count":7,"href":"https:\/\/nvnoticias.mx\/index.php\/wp-json\/wp\/v2\/posts\/114116\/revisions"}],"predecessor-version":[{"id":114123,"href":"https:\/\/nvnoticias.mx\/index.php\/wp-json\/wp\/v2\/posts\/114116\/revisions\/114123"}],"wp:featuredmedia":[{"embeddable":true,"href":"https:\/\/nvnoticias.mx\/index.php\/wp-json\/wp\/v2\/media\/79114"}],"wp:attachment":[{"href":"https:\/\/nvnoticias.mx\/index.php\/wp-json\/wp\/v2\/media?parent=114116"}],"wp:term":[{"taxonomy":"category","embeddable":true,"href":"https:\/\/nvnoticias.mx\/index.php\/wp-json\/wp\/v2\/categories?post=114116"},{"taxonomy":"post_tag","embeddable":true,"href":"https:\/\/nvnoticias.mx\/index.php\/wp-json\/wp\/v2\/tags?post=114116"}],"curies":[{"name":"wp","href":"https:\/\/api.w.org\/{rel}","templated":true}]}}