{"id":114057,"date":"2023-07-18T14:10:54","date_gmt":"2023-07-18T19:10:54","guid":{"rendered":"https:\/\/nvnoticias.mx\/?p=114057"},"modified":"2023-07-18T14:10:56","modified_gmt":"2023-07-18T19:10:56","slug":"avanza-en-ine-creacion-del-frente-amplio-por-mexico","status":"publish","type":"post","link":"https:\/\/nvnoticias.mx\/index.php\/2023\/07\/18\/avanza-en-ine-creacion-del-frente-amplio-por-mexico\/","title":{"rendered":"Avanza en INE creaci\u00f3n del Frente Amplio por M\u00e9xico"},"content":{"rendered":"\n<p>Por mayor\u00eda de votos, la Comisi\u00f3n de Prerrogativas y Partidos Pol\u00edticos del Instituto Nacional Electoral (INE) aprob\u00f3 la solicitud del PAN, PRI y PRD\u00a0para conformarse como Frente Amplio por M\u00e9xico, pero con la advertencia de que no podr\u00e1 tener fines electorales.<\/p>\n\n\n\n<p>En sesi\u00f3n extraordinaria privada, la Comisi\u00f3n aprob\u00f3 un anteproyecto, que<strong>\u00a0tendr\u00e1 que ser ratificado en sesi\u00f3n del Consejo General antes del 21 de julio<\/strong>, fecha l\u00edmite para avalar la conformaci\u00f3n del frente.<\/p>\n\n\n\n<p>La consejera Claudia Zavala vot\u00f3 en contra del anteproyecto, pues consider\u00f3 que, si bien deber\u00eda autorizarse la conformaci\u00f3n del frente, tendr\u00edan que restringirse a los partidos pol\u00edticos sus tiempos en radio y televisi\u00f3n, debido al contexto pol\u00edtico que se vive, en el que&nbsp;<strong>hay m\u00faltiples denuncias de actos anticipados de precampa\u00f1a<\/strong>&nbsp;atribuidas a personas que p\u00fablicamente han expresado su inter\u00e9s en ser candidatos a la Presidencia de la Rep\u00fablica.<\/p>\n\n\n\n<p>Zavala record\u00f3 que en acuerdos aprobados en la Comisi\u00f3n de Quejas y Denuncias, que ella preside, se dej\u00f3 claro que no se\u00a0pueden usar tiempos de radio y televisi\u00f3n\u00a0para las actividades de, por ejemplo, el proceso interno de Morena, en donde se elegir\u00e1, seg\u00fan sus t\u00e9rminos, al \u201ccoordinador de la defensa de la Cuarta Transformaci\u00f3n\u201d.<\/p>\n\n\n\n<blockquote class=\"wp-block-quote is-layout-flow wp-block-quote-is-layout-flow\"><p>\u201cPor el contexto que estamos viviendo en M\u00e9xico, en estos modelos que se han utilizado y en los que hemos tenido un gran n\u00famero de denuncias. La restricci\u00f3n a este derecho al uso de prerrogativa de radio y televisi\u00f3n debe tener un igual sentido que el otro proceso que se ha se\u00f1alado y se ha iniciado desde Morena, el PT y el Verde, para dar un tratamiento igual para modelos que se han elegido.<\/p><\/blockquote>\n\n\n\n<blockquote class=\"wp-block-quote is-layout-flow wp-block-quote-is-layout-flow\"><p>\u201cPor esta parte la creaci\u00f3n de un frente, por el otro lado, el proceso interno de un partido pol\u00edtico, cuya legalidad se calificar\u00e1 en su momento por la autoridad correspondiente, pero con la misma restricci\u00f3n del uso de la prerrogativa de radio y televisi\u00f3n para dar condiciones de equidad en estos procesos elegidos, que est\u00e1n cuestionados, pretendidamente, por infringir las reglas de precampa\u00f1a\u201d, argument\u00f3.<\/p><\/blockquote>\n\n\n\n<p><strong>El anteproyecto aprobado es el primer aval a los tres partidos de la alianza opositora<\/strong>, luego de su registro de solicitud presentado el pasado 9 de julio ante la Oficial\u00eda de Partes del INE.<\/p>\n\n\n\n<p>La comisi\u00f3n concluy\u00f3 que la solicitud para el registro de convenio formulada por los tres partidos cumpli\u00f3 con todos los requisitos legales para su conformaci\u00f3n, por lo que le dio el visto bueno.<\/p>\n\n\n\n<p>Sin embargo, el anteproyecto advierte que las actividades que realicen los tres partidos bajo el nombre de\u00a0<em>Construcci\u00f3n del Frente Amplio por M\u00e9xico<\/em>\u00a0no deber\u00e1 tener fines electorales.<\/p>\n\n\n\n<p>Fuente: <a href=\"https:\/\/www.milenio.com\/politica\/elecciones\/ine-aprueba-proyecto-creacion-frente-amplio-mexico\" data-type=\"URL\" data-id=\"https:\/\/www.milenio.com\/politica\/elecciones\/ine-aprueba-proyecto-creacion-frente-amplio-mexico\">Milenio<\/a> <\/p>\n","protected":false},"excerpt":{"rendered":"<p>Por mayor\u00eda de votos, la Comisi\u00f3n de Prerrogativas y Partidos Pol\u00edticos del Instituto Nacional Electoral (INE) aprob\u00f3 la solicitud del PAN, PRI y PRD\u00a0para conformarse como Frente Amplio por M\u00e9xico, pero con la advertencia de que no podr\u00e1 tener fines electorales. En sesi\u00f3n extraordinaria privada, la Comisi\u00f3n aprob\u00f3 un anteproyecto, que\u00a0tendr\u00e1 que ser ratificado en [&hellip;]<\/p>\n","protected":false},"author":35,"featured_media":100313,"comment_status":"open","ping_status":"open","sticky":false,"template":"","format":"standard","meta":{"_monsterinsights_skip_tracking":false,"_monsterinsights_sitenote_active":false,"_monsterinsights_sitenote_note":"","_monsterinsights_sitenote_category":0,"footnotes":""},"categories":[158],"tags":[8289,9627,26179,443],"class_list":["post-114057","post","type-post","status-publish","format-standard","has-post-thumbnail","hentry","category-politica","tag-avanza","tag-creacion","tag-frente-amplio-por-mexico","tag-ine","wp-image-borders"],"amp_enabled":true,"_links":{"self":[{"href":"https:\/\/nvnoticias.mx\/index.php\/wp-json\/wp\/v2\/posts\/114057","targetHints":{"allow":["GET"]}}],"collection":[{"href":"https:\/\/nvnoticias.mx\/index.php\/wp-json\/wp\/v2\/posts"}],"about":[{"href":"https:\/\/nvnoticias.mx\/index.php\/wp-json\/wp\/v2\/types\/post"}],"author":[{"embeddable":true,"href":"https:\/\/nvnoticias.mx\/index.php\/wp-json\/wp\/v2\/users\/35"}],"replies":[{"embeddable":true,"href":"https:\/\/nvnoticias.mx\/index.php\/wp-json\/wp\/v2\/comments?post=114057"}],"version-history":[{"count":3,"href":"https:\/\/nvnoticias.mx\/index.php\/wp-json\/wp\/v2\/posts\/114057\/revisions"}],"predecessor-version":[{"id":114060,"href":"https:\/\/nvnoticias.mx\/index.php\/wp-json\/wp\/v2\/posts\/114057\/revisions\/114060"}],"wp:featuredmedia":[{"embeddable":true,"href":"https:\/\/nvnoticias.mx\/index.php\/wp-json\/wp\/v2\/media\/100313"}],"wp:attachment":[{"href":"https:\/\/nvnoticias.mx\/index.php\/wp-json\/wp\/v2\/media?parent=114057"}],"wp:term":[{"taxonomy":"category","embeddable":true,"href":"https:\/\/nvnoticias.mx\/index.php\/wp-json\/wp\/v2\/categories?post=114057"},{"taxonomy":"post_tag","embeddable":true,"href":"https:\/\/nvnoticias.mx\/index.php\/wp-json\/wp\/v2\/tags?post=114057"}],"curies":[{"name":"wp","href":"https:\/\/api.w.org\/{rel}","templated":true}]}}