{"id":114051,"date":"2023-07-18T14:13:34","date_gmt":"2023-07-18T19:13:34","guid":{"rendered":"https:\/\/nvnoticias.mx\/?p=114051"},"modified":"2023-07-18T14:14:50","modified_gmt":"2023-07-18T19:14:50","slug":"presentan-las-actividades-de-verano-de-la-ciudad-de-veracruz","status":"publish","type":"post","link":"https:\/\/nvnoticias.mx\/index.php\/2023\/07\/18\/presentan-las-actividades-de-verano-de-la-ciudad-de-veracruz\/","title":{"rendered":"Presentan las actividades de verano de la ciudad de Veracruz"},"content":{"rendered":"\n<p><strong>Jes\u00fas Utrilla \/ NV Noticias<\/strong><\/p>\n\n\n\n<p>La alcaldesa de Veracruz Patricia Lobeira Rodr\u00edguez present\u00f3 las actividades que habr\u00e1n de desarrollarse durante el verano.<\/p>\n\n\n\n<p>Habr\u00e1 deporte, baile, cultura, m\u00fasica y recreaci\u00f3n para impulsar el desarrollo econ\u00f3mico, tur\u00edstico y social de la ciudad, para llenar de vida los espacios p\u00fablico.<\/p>\n\n\n\n<p>En el z\u00f3calo hablar\u00e1 figuras inflables gigantes de jarocho y Jarocha para tomarse la foto. Habr\u00e1 tardes de ajedrez y tardes de cine. Tambi\u00e9n juegos gigantes, m\u00fasica en vivo en la Plazuela de la Campana y karaoke urbano en la macroplaza del malec\u00f3n.<\/p>\n\n\n\n<blockquote class=\"wp-block-quote is-layout-flow wp-block-quote-is-layout-flow\"><p>\u201c<em>Con pintando el puerto los ni\u00f1os podr\u00e1n elaborar y pintar en la Macroplaza. Playa Mart\u00ed tendr\u00e1 actividades deportivas adem\u00e1s del gimnasio al aire libre<\/em>\u201d.<\/p><\/blockquote>\n\n\n\n<p>Adem\u00e1s se mand\u00f3 a hacer un tapete a\u00e9reo con artesanas de Alvarado y se colocara en la Macroplaza y uno m\u00e1s en el z\u00f3calo para tomarse la foto.<\/p>\n\n\n\n<blockquote class=\"wp-block-quote is-layout-flow wp-block-quote-is-layout-flow\"><p>\u201c<em>Este s\u00e1bado quedan instalados los jarochos To\u00f1ita y Agust\u00edn y el tapete la pr\u00f3xima semana<\/em>\u201d.<\/p><\/blockquote>\n\n\n\n<p>Se busca seguir impulsando el turismo y que la gente regrese a centro hist\u00f3rico. Tambi\u00e9n habr\u00e1 recorridos por callejones y visitas guiadas al Palacio Municipal.<\/p>\n\n\n\n<p>Sobre el Zool\u00f3gico Miguel \u00c1ngel de Quevedo la alcaldesa se\u00f1al\u00f3 que contin\u00faan las obras para habilitar la laguna.<\/p>\n","protected":false},"excerpt":{"rendered":"<p>Jes\u00fas Utrilla \/ NV Noticias La alcaldesa de Veracruz Patricia Lobeira Rodr\u00edguez present\u00f3 las actividades que habr\u00e1n de desarrollarse durante el verano. Habr\u00e1 deporte, baile, cultura, m\u00fasica y recreaci\u00f3n para impulsar el desarrollo econ\u00f3mico, tur\u00edstico y social de la ciudad, para llenar de vida los espacios p\u00fablico. En el z\u00f3calo hablar\u00e1 figuras inflables gigantes de [&hellip;]<\/p>\n","protected":false},"author":8,"featured_media":114061,"comment_status":"open","ping_status":"open","sticky":false,"template":"","format":"standard","meta":{"_monsterinsights_skip_tracking":false,"_monsterinsights_sitenote_active":false,"_monsterinsights_sitenote_note":"","_monsterinsights_sitenote_category":0,"footnotes":""},"categories":[154],"tags":[3073,162,4756,180],"class_list":["post-114051","post","type-post","status-publish","format-standard","has-post-thumbnail","hentry","category-veracruz","tag-actividades","tag-portada","tag-vacaciones-de-verano","tag-veracruz","wp-image-borders"],"amp_enabled":true,"_links":{"self":[{"href":"https:\/\/nvnoticias.mx\/index.php\/wp-json\/wp\/v2\/posts\/114051","targetHints":{"allow":["GET"]}}],"collection":[{"href":"https:\/\/nvnoticias.mx\/index.php\/wp-json\/wp\/v2\/posts"}],"about":[{"href":"https:\/\/nvnoticias.mx\/index.php\/wp-json\/wp\/v2\/types\/post"}],"author":[{"embeddable":true,"href":"https:\/\/nvnoticias.mx\/index.php\/wp-json\/wp\/v2\/users\/8"}],"replies":[{"embeddable":true,"href":"https:\/\/nvnoticias.mx\/index.php\/wp-json\/wp\/v2\/comments?post=114051"}],"version-history":[{"count":1,"href":"https:\/\/nvnoticias.mx\/index.php\/wp-json\/wp\/v2\/posts\/114051\/revisions"}],"predecessor-version":[{"id":114063,"href":"https:\/\/nvnoticias.mx\/index.php\/wp-json\/wp\/v2\/posts\/114051\/revisions\/114063"}],"wp:featuredmedia":[{"embeddable":true,"href":"https:\/\/nvnoticias.mx\/index.php\/wp-json\/wp\/v2\/media\/114061"}],"wp:attachment":[{"href":"https:\/\/nvnoticias.mx\/index.php\/wp-json\/wp\/v2\/media?parent=114051"}],"wp:term":[{"taxonomy":"category","embeddable":true,"href":"https:\/\/nvnoticias.mx\/index.php\/wp-json\/wp\/v2\/categories?post=114051"},{"taxonomy":"post_tag","embeddable":true,"href":"https:\/\/nvnoticias.mx\/index.php\/wp-json\/wp\/v2\/tags?post=114051"}],"curies":[{"name":"wp","href":"https:\/\/api.w.org\/{rel}","templated":true}]}}