{"id":11404,"date":"2021-04-20T10:58:46","date_gmt":"2021-04-20T15:58:46","guid":{"rendered":"https:\/\/nvnoticias.mx\/?p=11404"},"modified":"2021-04-20T10:58:47","modified_gmt":"2021-04-20T15:58:47","slug":"larga-fila-en-primer-dia-de-vacunacion-contra-covid-19-a-docentes-en-coatzacoalcos","status":"publish","type":"post","link":"https:\/\/nvnoticias.mx\/index.php\/2021\/04\/20\/larga-fila-en-primer-dia-de-vacunacion-contra-covid-19-a-docentes-en-coatzacoalcos\/","title":{"rendered":"Larga fila en primer d\u00eda de vacunaci\u00f3n contra covid-19 a docentes en Coatzacoalcos"},"content":{"rendered":"\n<p><strong>Julio Escobar \/ NV Noticias <\/strong><\/p>\n\n\n\n<p>Coatzacoalcos.-  Una fila kilom\u00e9trica que llega hasta la altura de Calzadas y a un costado de la carretera se form\u00f3 en el primer d\u00eda de vacunaci\u00f3n a docentes contra Covid-19, en la sede del Itesco en Coatzacoalcos.\u00a0<\/p>\n\n\n\n<p>Desde ayer por la tarde y durante la madrugada comenzaron a llegar docentes y personal administrativo de escuelas p\u00fablicas y privadas de la regi\u00f3n sur, \u00a0que buscan ser inmunizados.\u00a0<\/p>\n\n\n\n<p>Desde las 6 de la ma\u00f1ana comenz\u00f3 el ingreso y aplicaci\u00f3n de la vacuna china CanSino que es de una sola dosis.\u00a0<\/p>\n\n\n\n<p>Desde Tatahuicapan lleg\u00f3 Gonzalo Bautista Hern\u00e1ndez que tiene 26 a\u00f1os ejerciendo la docencia, lleg\u00f3 desde las 3:00 am y fue de los primeros en recibir la inmunizaci\u00f3n.\u00a0<\/p>\n\n\n\n<blockquote class=\"wp-block-quote is-layout-flow wp-block-quote-is-layout-flow\"><p><em>\u201cSi fui de los primeros casi no hab\u00eda gente, la verdad no se siente nada, nos acomodaron en orden y nos pasaron directo al \u00e1rea de vacunaci\u00f3n y de ah\u00ed esperamos 15 minutos si no hay s\u00edntomas si hay 30. La verdad si me siento m\u00e1s seguro, para regresar a los aulas si pero mis alumnos necesitan estar protegidos\u201d,<\/em> revel\u00f3.<\/p><\/blockquote>\n\n\n\n<p>\u00a0En la entidad Veracruzana se pretende vacunar a cerca de 197 mil 430 docentes de los cuales 25 mil son de la zona sur, que incluye 30 municipios.\u00a0<\/p>\n\n\n\n<figure class=\"wp-block-image size-large\"><img loading=\"lazy\" decoding=\"async\" width=\"640\" height=\"480\" src=\"https:\/\/nvnoticias.mx\/wp-content\/uploads\/2021\/04\/VMaestros.jpg\" alt=\"\" class=\"wp-image-11405\" srcset=\"https:\/\/nvnoticias.mx\/wp-content\/uploads\/2021\/04\/VMaestros.jpg 640w, https:\/\/nvnoticias.mx\/wp-content\/uploads\/2021\/04\/VMaestros-300x225.jpg 300w\" sizes=\"auto, (max-width: 640px) 100vw, 640px\" \/><\/figure>\n\n\n\n<p>Veracruz es uno de los primeros 5 estados en arrancar con la jornada de vacunaci\u00f3n a docentes.\u00a0<\/p>\n\n\n\n<p>En la entidad Veracruzana son son 5 sedes; Xalapa, Boca del R\u00edo, Tuxpan, Orizaba y Coatzacoalcos.<\/p>\n\n\n\n<p><\/p>\n","protected":false},"excerpt":{"rendered":"<p>Julio Escobar \/ NV Noticias Coatzacoalcos.- Una fila kilom\u00e9trica que llega hasta la altura de Calzadas y a un costado de la carretera se form\u00f3 en el primer d\u00eda de vacunaci\u00f3n a docentes contra Covid-19, en la sede del Itesco en Coatzacoalcos.\u00a0 Desde ayer por la tarde y durante la madrugada comenzaron a llegar docentes [&hellip;]<\/p>\n","protected":false},"author":6,"featured_media":11406,"comment_status":"open","ping_status":"open","sticky":false,"template":"","format":"standard","meta":{"_monsterinsights_skip_tracking":false,"_monsterinsights_sitenote_active":false,"_monsterinsights_sitenote_note":"","_monsterinsights_sitenote_category":0,"footnotes":""},"categories":[156],"tags":[504,635,809],"class_list":["post-11404","post","type-post","status-publish","format-standard","has-post-thumbnail","hentry","category-estado","tag-coatzacoalcos","tag-maestros","tag-vacunacion","wp-image-borders"],"amp_enabled":true,"_links":{"self":[{"href":"https:\/\/nvnoticias.mx\/index.php\/wp-json\/wp\/v2\/posts\/11404","targetHints":{"allow":["GET"]}}],"collection":[{"href":"https:\/\/nvnoticias.mx\/index.php\/wp-json\/wp\/v2\/posts"}],"about":[{"href":"https:\/\/nvnoticias.mx\/index.php\/wp-json\/wp\/v2\/types\/post"}],"author":[{"embeddable":true,"href":"https:\/\/nvnoticias.mx\/index.php\/wp-json\/wp\/v2\/users\/6"}],"replies":[{"embeddable":true,"href":"https:\/\/nvnoticias.mx\/index.php\/wp-json\/wp\/v2\/comments?post=11404"}],"version-history":[{"count":1,"href":"https:\/\/nvnoticias.mx\/index.php\/wp-json\/wp\/v2\/posts\/11404\/revisions"}],"predecessor-version":[{"id":11407,"href":"https:\/\/nvnoticias.mx\/index.php\/wp-json\/wp\/v2\/posts\/11404\/revisions\/11407"}],"wp:featuredmedia":[{"embeddable":true,"href":"https:\/\/nvnoticias.mx\/index.php\/wp-json\/wp\/v2\/media\/11406"}],"wp:attachment":[{"href":"https:\/\/nvnoticias.mx\/index.php\/wp-json\/wp\/v2\/media?parent=11404"}],"wp:term":[{"taxonomy":"category","embeddable":true,"href":"https:\/\/nvnoticias.mx\/index.php\/wp-json\/wp\/v2\/categories?post=11404"},{"taxonomy":"post_tag","embeddable":true,"href":"https:\/\/nvnoticias.mx\/index.php\/wp-json\/wp\/v2\/tags?post=11404"}],"curies":[{"name":"wp","href":"https:\/\/api.w.org\/{rel}","templated":true}]}}