{"id":114039,"date":"2023-07-18T12:08:38","date_gmt":"2023-07-18T17:08:38","guid":{"rendered":"https:\/\/nvnoticias.mx\/?p=114039"},"modified":"2023-07-18T12:08:39","modified_gmt":"2023-07-18T17:08:39","slug":"obra-de-puente-vehicular-en-urban-center-no-podra-ser-modificado","status":"publish","type":"post","link":"https:\/\/nvnoticias.mx\/index.php\/2023\/07\/18\/obra-de-puente-vehicular-en-urban-center-no-podra-ser-modificado\/","title":{"rendered":"Obra de puente vehicular en Urban Center no podr\u00e1 ser modificado"},"content":{"rendered":"\n<p><strong>Sam Ojeda \/ NV Noticias<\/strong><\/p>\n\n\n\n<p>Xalapa.- El gobernador Cuitl\u00e1huac Garc\u00eda Jim\u00e9nez se\u00f1al\u00f3 que no puede haber modificaci\u00f3n a la construcci\u00f3n del puente vehicular elevado en la avenida L\u00e1zaro C\u00e1rdenas, a la altura del Urban Center.<\/p>\n\n\n\n<blockquote class=\"wp-block-quote is-layout-flow wp-block-quote-is-layout-flow\"><p>\u201c<em>Se pretende que sea v\u00eda r\u00e1pida, no olvidan que este es el plan B a una propuesta que yo hab\u00eda hecho, pero nos agarraron las apuraciones y no ceiba a poder hacer en nuestro sexenio. Ya se cambi\u00f3 y no tenemos problema porque estamos siendo responsables y queremos que la compensaci\u00f3n ambiental vaya m\u00e1s all\u00e1<\/em>\u201d.<\/p><\/blockquote>\n\n\n\n<p>A pesar de la queja de pobladores por la tala de \u00e1rboles en esa zona, coment\u00f3 que con la siembra de 800 \u00e1rboles en el parque Natura de esta ciudad se cumplir\u00e1 con la remediaci\u00f3n ambiental por las obras.<\/p>\n\n\n\n<p>El mandatario afirm\u00f3 que esta actividad de reforestaci\u00f3n se realizar\u00e1 este mi\u00e9rcoles y que sembrar\u00e1n \u201cel doble\u201d de \u00e1rboles \u201cde lo que pide la ley\u201d.<\/p>\n\n\n\n<blockquote class=\"wp-block-quote is-layout-flow wp-block-quote-is-layout-flow\"><p>\u201c<em>No solamente lo que nos pide la ley; lo que acordamos es hacer realmente una compensaci\u00f3n inicial que trascienda, por ejemplo, si la ley\u00a0 nos ped\u00eda para compensar 400 \u00e1rboles, de inmediato el doble, vamos por 800 \u00e1rboles el mi\u00e9rcoles<\/em>\u201d.<\/p><\/blockquote>\n\n\n\n<p>Garc\u00eda Jim\u00e9nez hizo un llamado a quienes han mostrado su oposici\u00f3n ante la tala de \u00e1rboles a acudir a reforestar el parque Natura.&nbsp;<\/p>\n\n\n\n<blockquote class=\"wp-block-quote is-layout-flow wp-block-quote-is-layout-flow\"><p>\u201c<em>Llamar a la gente que se quiera sumar, muchos desde el Facebook quieren cambiar el medio ambiente y desde Twitter y as\u00ed no es; entonces est\u00e1 abierta la invitaci\u00f3n a que nos acompa\u00f1en; el mi\u00e9rcoles iniciamos con 800 \u00e1rboles<\/em>\u201d.<\/p><\/blockquote>\n","protected":false},"excerpt":{"rendered":"<p>Sam Ojeda \/ NV Noticias Xalapa.- El gobernador Cuitl\u00e1huac Garc\u00eda Jim\u00e9nez se\u00f1al\u00f3 que no puede haber modificaci\u00f3n a la construcci\u00f3n del puente vehicular elevado en la avenida L\u00e1zaro C\u00e1rdenas, a la altura del Urban Center. \u201cSe pretende que sea v\u00eda r\u00e1pida, no olvidan que este es el plan B a una propuesta que yo hab\u00eda [&hellip;]<\/p>\n","protected":false},"author":8,"featured_media":114041,"comment_status":"open","ping_status":"open","sticky":false,"template":"","format":"standard","meta":{"_monsterinsights_skip_tracking":false,"_monsterinsights_sitenote_active":false,"_monsterinsights_sitenote_note":"","_monsterinsights_sitenote_category":0,"footnotes":""},"categories":[156],"tags":[2524,25688],"class_list":["post-114039","post","type-post","status-publish","format-standard","has-post-thumbnail","hentry","category-estado","tag-obra","tag-urban-center","wp-image-borders"],"amp_enabled":true,"_links":{"self":[{"href":"https:\/\/nvnoticias.mx\/index.php\/wp-json\/wp\/v2\/posts\/114039","targetHints":{"allow":["GET"]}}],"collection":[{"href":"https:\/\/nvnoticias.mx\/index.php\/wp-json\/wp\/v2\/posts"}],"about":[{"href":"https:\/\/nvnoticias.mx\/index.php\/wp-json\/wp\/v2\/types\/post"}],"author":[{"embeddable":true,"href":"https:\/\/nvnoticias.mx\/index.php\/wp-json\/wp\/v2\/users\/8"}],"replies":[{"embeddable":true,"href":"https:\/\/nvnoticias.mx\/index.php\/wp-json\/wp\/v2\/comments?post=114039"}],"version-history":[{"count":1,"href":"https:\/\/nvnoticias.mx\/index.php\/wp-json\/wp\/v2\/posts\/114039\/revisions"}],"predecessor-version":[{"id":114042,"href":"https:\/\/nvnoticias.mx\/index.php\/wp-json\/wp\/v2\/posts\/114039\/revisions\/114042"}],"wp:featuredmedia":[{"embeddable":true,"href":"https:\/\/nvnoticias.mx\/index.php\/wp-json\/wp\/v2\/media\/114041"}],"wp:attachment":[{"href":"https:\/\/nvnoticias.mx\/index.php\/wp-json\/wp\/v2\/media?parent=114039"}],"wp:term":[{"taxonomy":"category","embeddable":true,"href":"https:\/\/nvnoticias.mx\/index.php\/wp-json\/wp\/v2\/categories?post=114039"},{"taxonomy":"post_tag","embeddable":true,"href":"https:\/\/nvnoticias.mx\/index.php\/wp-json\/wp\/v2\/tags?post=114039"}],"curies":[{"name":"wp","href":"https:\/\/api.w.org\/{rel}","templated":true}]}}