{"id":114008,"date":"2023-07-17T22:45:15","date_gmt":"2023-07-18T03:45:15","guid":{"rendered":"https:\/\/nvnoticias.mx\/?p=114008"},"modified":"2023-07-17T22:46:49","modified_gmt":"2023-07-18T03:46:49","slug":"presentan-la-imagen-y-el-logotipo-de-la-copa-america-2024","status":"publish","type":"post","link":"https:\/\/nvnoticias.mx\/index.php\/2023\/07\/17\/presentan-la-imagen-y-el-logotipo-de-la-copa-america-2024\/","title":{"rendered":"Presentan la imagen y el logotipo de la Copa Am\u00e9rica 2024"},"content":{"rendered":"\n<p>La Confederaci\u00f3n Sudamericana de F\u00fatbol (Conmebol) present\u00f3 este lunes la imagen y el logotipo que identifican la Copa Am\u00e9rica 2024, en los que se combinan los s\u00edmbolos y colores patrios del pa\u00eds anfitri\u00f3n, Estados Unidos, con un homenaje a los m\u00e1ximos exponentes del f\u00fatbol en el continente.<\/p>\n\n\n\n<blockquote class=\"wp-block-quote is-layout-flow wp-block-quote-is-layout-flow\"><p>&#8220;<em>Este nuevo logo, nueva identidad de la Copa Am\u00e9rica tiene que ver con la fusi\u00f3n entre la tradici\u00f3n y la innovaci\u00f3n, combinando la esencia del f\u00fatbol sudamericano con el esp\u00edritu del continente americano<\/em>&#8220;, dijo el presidente de la Conmebol, Alejandro Dom\u00ednguez.<\/p><\/blockquote>\n\n\n\n<p>En su intervenci\u00f3n durante un colorido acto celebrado en la sede del organismo rector del f\u00fatbol sudamericano, en la ciudad paraguaya de Luque, Dom\u00ednguez destac\u00f3 que la Copa Am\u00e9rica 2024 es &#8220;una nueva oportunidad para aquellas selecciones que creen en grande y que quisieran hacer historia&#8221;.<\/p>\n\n\n\n<p>Record\u00f3 que este trofeo ha sido conquistado en 15 ocasiones por Argentina y Uruguay y nueves veces por Brasil, entre otras.<\/p>\n\n\n\n<p>Tambi\u00e9n fue transmitido un mensaje del presidente de la Confederaci\u00f3n de Norteam\u00e9rica, Centroam\u00e9rica y el Caribe (Concacaf), el canadiense Victor Montagliani, quien vaticin\u00f3 que la Copa Am\u00e9rica ser\u00e1 una &#8220;competencia muy emocionante&#8221; y un torneo que promete &#8220;grandes juegos y momentos&#8221;.<\/p>\n\n\n\n<p>Seg\u00fan la Conmebol, la identidad visual &#8220;est\u00e1 inspirada en los s\u00edmbolos que representan al pa\u00eds sede y busca ser un homenaje al f\u00fatbol, a sus jugadores y a los aficionados incondicionales que siguen de cerca la competencia&#8221;.<\/p>\n\n\n\n<p>En un comunicado, el organismo destac\u00f3 el uso de colores como el azul, el rojo y el blanco, y elementos como las estrellas caracter\u00edsticas de la bandera de EE.UU., e indic\u00f3 que &#8220;para esta ocasi\u00f3n tambi\u00e9n simbolizan el cielo y a los m\u00e1ximos exponentes de este deporte&#8221;.<\/p>\n\n\n\n<p>El logotipo, a\u00f1adi\u00f3 la nota, &#8220;pone en el centro el trofeo de la competencia, a los aficionados que alientan en cada partido a sus selecciones, y a los mejores jugadores del mundo&#8221;.<\/p>\n\n\n\n<p>La Copa Am\u00e9rica de 2024 arrancar\u00e1 el 20 de junio del pr\u00f3ximo a\u00f1o en Estados Unidos y concluir\u00e1 el 14 de julio.<\/p>\n\n\n\n<p>La Conmebol sell\u00f3 un acuerdo de colaboraci\u00f3n con la Concacaf que permitir\u00e1 la participaci\u00f3n en este torneo de 10 selecciones sudamericanas y seis invitadas de Norteam\u00e9rica, Centroam\u00e9rica y el Caribe.<\/p>\n\n\n\n<figure class=\"wp-block-embed aligncenter is-type-rich is-provider-twitter wp-block-embed-twitter\"><div class=\"wp-block-embed__wrapper\">\n<blockquote class=\"twitter-tweet\" data-width=\"550\" data-dnt=\"true\"><p lang=\"es\" dir=\"ltr\">\u00a1La nueva imagen de la CONMEBOL Copa America 2024\u2122 har\u00e1 vibrar al continente entero! ????????<a href=\"https:\/\/twitter.com\/hashtag\/VibraElContinente?src=hash&amp;ref_src=twsrc%5Etfw\">#VibraElContinente<\/a><\/p>&mdash; Copa Am\u00e9rica (@CopaAmerica) <a href=\"https:\/\/twitter.com\/CopaAmerica\/status\/1681084298755989504?ref_src=twsrc%5Etfw\">July 17, 2023<\/a><\/blockquote><script async src=\"https:\/\/platform.twitter.com\/widgets.js\" charset=\"utf-8\"><\/script>\n<\/div><\/figure>\n","protected":false},"excerpt":{"rendered":"<p>La Confederaci\u00f3n Sudamericana de F\u00fatbol (Conmebol) present\u00f3 este lunes la imagen y el logotipo que identifican la Copa Am\u00e9rica 2024, en los que se combinan los s\u00edmbolos y colores patrios del pa\u00eds anfitri\u00f3n, Estados Unidos, con un homenaje a los m\u00e1ximos exponentes del f\u00fatbol en el continente. &#8220;Este nuevo logo, nueva identidad de la Copa [&hellip;]<\/p>\n","protected":false},"author":8,"featured_media":114010,"comment_status":"open","ping_status":"open","sticky":false,"template":"","format":"standard","meta":{"_monsterinsights_skip_tracking":false,"_monsterinsights_sitenote_active":false,"_monsterinsights_sitenote_note":"","_monsterinsights_sitenote_category":0,"footnotes":""},"categories":[159],"tags":[10270,25867,8233,13193],"class_list":["post-114008","post","type-post","status-publish","format-standard","has-post-thumbnail","hentry","category-deportes","tag-conmebol","tag-copa-america-2024","tag-imagen","tag-logotipo","wp-image-borders"],"amp_enabled":true,"_links":{"self":[{"href":"https:\/\/nvnoticias.mx\/index.php\/wp-json\/wp\/v2\/posts\/114008","targetHints":{"allow":["GET"]}}],"collection":[{"href":"https:\/\/nvnoticias.mx\/index.php\/wp-json\/wp\/v2\/posts"}],"about":[{"href":"https:\/\/nvnoticias.mx\/index.php\/wp-json\/wp\/v2\/types\/post"}],"author":[{"embeddable":true,"href":"https:\/\/nvnoticias.mx\/index.php\/wp-json\/wp\/v2\/users\/8"}],"replies":[{"embeddable":true,"href":"https:\/\/nvnoticias.mx\/index.php\/wp-json\/wp\/v2\/comments?post=114008"}],"version-history":[{"count":2,"href":"https:\/\/nvnoticias.mx\/index.php\/wp-json\/wp\/v2\/posts\/114008\/revisions"}],"predecessor-version":[{"id":114012,"href":"https:\/\/nvnoticias.mx\/index.php\/wp-json\/wp\/v2\/posts\/114008\/revisions\/114012"}],"wp:featuredmedia":[{"embeddable":true,"href":"https:\/\/nvnoticias.mx\/index.php\/wp-json\/wp\/v2\/media\/114010"}],"wp:attachment":[{"href":"https:\/\/nvnoticias.mx\/index.php\/wp-json\/wp\/v2\/media?parent=114008"}],"wp:term":[{"taxonomy":"category","embeddable":true,"href":"https:\/\/nvnoticias.mx\/index.php\/wp-json\/wp\/v2\/categories?post=114008"},{"taxonomy":"post_tag","embeddable":true,"href":"https:\/\/nvnoticias.mx\/index.php\/wp-json\/wp\/v2\/tags?post=114008"}],"curies":[{"name":"wp","href":"https:\/\/api.w.org\/{rel}","templated":true}]}}