{"id":113959,"date":"2023-07-17T12:35:36","date_gmt":"2023-07-17T17:35:36","guid":{"rendered":"https:\/\/nvnoticias.mx\/?p=113959"},"modified":"2023-07-17T12:35:37","modified_gmt":"2023-07-17T17:35:37","slug":"de-usar-ia-a-camaras-para-la-guardia-nacional-ebrard","status":"publish","type":"post","link":"https:\/\/nvnoticias.mx\/index.php\/2023\/07\/17\/de-usar-ia-a-camaras-para-la-guardia-nacional-ebrard\/","title":{"rendered":"De usar IA a c\u00e1maras para la Guardia Nacional: Ebrard"},"content":{"rendered":"\n<p>La seguridad y las medidas para reducir la violencia en M\u00e9xico&nbsp;ha sido<strong>&nbsp;materia de debate desde hace a\u00f1os<\/strong>&nbsp;y en el proceso interno de Morena para definir a su candidato presidencial no es la excepci\u00f3n.<\/p>\n\n\n\n<p><strong>Marcelo Ebrard, aspirante de Morena&nbsp;a la Coordinaci\u00f3n de la Defensa de la Transformaci\u00f3n<\/strong>, puso sobre la mesa un proyecto que, de llegar a suceder al presidente Andr\u00e9s Manuel L\u00f3pez Obrador en 2024, implementar\u00eda para reducir la incidencia delictiva:&nbsp;Plan \u00c1ngel.<\/p>\n\n\n\n<h2 class=\"wp-block-heading\">\u00bfCu\u00e1l es la estrategia de seguridad de AMLO?&nbsp;<\/h2>\n\n\n\n<p><strong>La actual estrategia de seguridad del presidente Andr\u00e9s Manuel L\u00f3pez Obrador<\/strong>, resumida en la frase &#8220;abrazos, no abrazos&#8221;, tiene la principal premisa de atacar las causas de la violencia con programas sociales; as\u00ed como buscar erradicar la corrupci\u00f3n, entre otros elementos.&nbsp;<\/p>\n\n\n\n<blockquote class=\"wp-block-quote is-layout-flow wp-block-quote-is-layout-flow\"><p>&#8220;La Estrategia Nacional de Seguridad P\u00fablica&nbsp;nos permite atender las causas de la violencia,&nbsp;prevenir y no s\u00f3lo reaccionar. Por ello contempla acciones para fortalecer el tejido social de&nbsp;las comunidades, que incluyen programas&nbsp;para el bienestar y construcci\u00f3n de paz, apoyo&nbsp;al empleo, salud y educaci\u00f3n, como J\u00f3venes&nbsp;Construyendo el Futuro y Sembrando Vida.<br>&#8220;Considera adem\u00e1s el combate a la corrupci\u00f3n,&nbsp;la regeneraci\u00f3n \u00e9tica de la sociedad; crear la&nbsp;Guardia Nacional; reformular el enfoque de&nbsp;atenci\u00f3n a las drogas; recuperar y dignificar&nbsp;los centros penitenciarios, pleno respeto a los&nbsp;derechos humanos y aplicar un nuevo modelo&nbsp;nacional de polic\u00eda y justicia c\u00edvica que fortalezca las capacidades de las instituciones de seguridad p\u00fablica en los \u00e1mbitos federal, estatal y&nbsp;municipal&#8221;, detalla un documento de la Secretar\u00eda de Seguridad y Protecci\u00f3n Ciudadana sobre el tema.<\/p><\/blockquote>\n\n\n\n<p>Al inicio del sexenio,&nbsp;<strong>Olga S\u00e1nchez Cordero, secretaria de Gobernaci\u00f3n<\/strong>, impuls\u00f3 el&nbsp;<strong>otorgar amnist\u00eda o preliberaciones a personas en c\u00e1rceles<\/strong>&nbsp;que no han cometido delitos graves, no&nbsp;pudieron pagar un abogado, un traductor o han enfrentado dificultades.<\/p>\n\n\n\n<h2 class=\"wp-block-heading\">\u00bfEn qu\u00e9 consiste el Plan \u00c1ngel de Marcelo Ebrard?&nbsp;&nbsp;<\/h2>\n\n\n\n<p>El Plan \u00c1ngel est\u00e1 basado en el&nbsp;<strong>uso de nuevas tecnolog\u00edas para reducir la violencia e inseguridad en el pa\u00eds<\/strong>, como inteligencia artificial, drones para seguimiento a criminales y reconocimiento morfol\u00f3gico de delincuentes por su forma de caminar.<\/p>\n\n\n\n<blockquote class=\"wp-block-quote is-layout-flow wp-block-quote-is-layout-flow\"><p>&#8220;He estado recorriendo el pa\u00eds los \u00faltimos 20 d\u00edas de manera intensiva. Tenemos que hacernos cargo de que hoy por hoy, la principal preocupaci\u00f3n de nuestro pueblo es la inseguridad,&nbsp;M\u00e9xico va a disfrutar de la etapa m\u00e1s segura de su historia con este plan&#8221;, destac\u00f3 Ebrard el 10 de julio durante la presentaci\u00f3n de su proyecto.&nbsp;<\/p><\/blockquote>\n\n\n\n<p>La estrategia&nbsp;contempla ocho tecnolog\u00edas avanzadas en materia de seguridad, tales como:<\/p>\n\n\n\n<ul class=\"wp-block-list\"><li>Reconocimiento facial.<\/li><li>Identificador del lugar exacto donde se dispar\u00f3 un arma y detectores de armas por patrones de movimiento.<\/li><li>Reconocimiento morfol\u00f3gico de delincuentes por la forma de caminar.<\/li><\/ul>\n\n\n\n<p>&#8220;Un delincuente tiene una cierta forma de actuar y de caminar, y podemos establecer patrones y eso ya es posible, es decir, ustedes pueden -si tuvi\u00e9semos esa tecnolog\u00eda- podr\u00edamos haber evitado muchos feminicidios, homicidios u otras acciones por el tipo de forma de caminar y de comportarse. Se establecen patrones y entonces puedes prever&#8221;, detall\u00f3 sobre dicha propuesta.<br><\/p>\n\n\n\n<ul class=\"wp-block-list\"><li>Rastreadores de marcaci\u00f3n y registro de veh\u00edculos,&nbsp;<\/li><li>drones que marcan y siguen a criminales.<\/li><li>c\u00e1maras inteligentes en los elementos de la Guardia Nacional.<\/li><li>Base de datos con inteligencia artificial.<\/li><\/ul>\n\n\n\n<p>Fuente: Milenio <\/p>\n","protected":false},"excerpt":{"rendered":"<p>La seguridad y las medidas para reducir la violencia en M\u00e9xico&nbsp;ha sido&nbsp;materia de debate desde hace a\u00f1os&nbsp;y en el proceso interno de Morena para definir a su candidato presidencial no es la excepci\u00f3n. Marcelo Ebrard, aspirante de Morena&nbsp;a la Coordinaci\u00f3n de la Defensa de la Transformaci\u00f3n, puso sobre la mesa un proyecto que, de llegar [&hellip;]<\/p>\n","protected":false},"author":35,"featured_media":110976,"comment_status":"open","ping_status":"open","sticky":false,"template":"","format":"standard","meta":{"_monsterinsights_skip_tracking":false,"_monsterinsights_sitenote_active":false,"_monsterinsights_sitenote_note":"","_monsterinsights_sitenote_category":0,"footnotes":""},"categories":[158],"tags":[391,26201],"class_list":["post-113959","post","type-post","status-publish","format-standard","has-post-thumbnail","hentry","category-politica","tag-marcelo-ebrard","tag-plan-a-n-g-e-l","wp-image-borders"],"amp_enabled":true,"_links":{"self":[{"href":"https:\/\/nvnoticias.mx\/index.php\/wp-json\/wp\/v2\/posts\/113959","targetHints":{"allow":["GET"]}}],"collection":[{"href":"https:\/\/nvnoticias.mx\/index.php\/wp-json\/wp\/v2\/posts"}],"about":[{"href":"https:\/\/nvnoticias.mx\/index.php\/wp-json\/wp\/v2\/types\/post"}],"author":[{"embeddable":true,"href":"https:\/\/nvnoticias.mx\/index.php\/wp-json\/wp\/v2\/users\/35"}],"replies":[{"embeddable":true,"href":"https:\/\/nvnoticias.mx\/index.php\/wp-json\/wp\/v2\/comments?post=113959"}],"version-history":[{"count":2,"href":"https:\/\/nvnoticias.mx\/index.php\/wp-json\/wp\/v2\/posts\/113959\/revisions"}],"predecessor-version":[{"id":113961,"href":"https:\/\/nvnoticias.mx\/index.php\/wp-json\/wp\/v2\/posts\/113959\/revisions\/113961"}],"wp:featuredmedia":[{"embeddable":true,"href":"https:\/\/nvnoticias.mx\/index.php\/wp-json\/wp\/v2\/media\/110976"}],"wp:attachment":[{"href":"https:\/\/nvnoticias.mx\/index.php\/wp-json\/wp\/v2\/media?parent=113959"}],"wp:term":[{"taxonomy":"category","embeddable":true,"href":"https:\/\/nvnoticias.mx\/index.php\/wp-json\/wp\/v2\/categories?post=113959"},{"taxonomy":"post_tag","embeddable":true,"href":"https:\/\/nvnoticias.mx\/index.php\/wp-json\/wp\/v2\/tags?post=113959"}],"curies":[{"name":"wp","href":"https:\/\/api.w.org\/{rel}","templated":true}]}}